{"id":115886,"date":"2024-06-11T10:55:04","date_gmt":"2024-06-11T13:55:04","guid":{"rendered":"https:\/\/www.actualidadadiario.com\/?p=115886"},"modified":"2024-06-11T10:55:04","modified_gmt":"2024-06-11T13:55:04","slug":"respaldo-total-de-los-concejales-del-pj-a-la-convocatoria-de-azcue","status":"publish","type":"post","link":"https:\/\/www.actualidadadiario.com\/index.php\/2024\/06\/11\/respaldo-total-de-los-concejales-del-pj-a-la-convocatoria-de-azcue\/","title":{"rendered":"Respaldo total de los concejales del PJ a la convocatoria de Azcu\u00e9"},"content":{"rendered":"<p style=\"text-align: center;\"><em><strong>La convocatoria del intendente de Concordia Francisco Azcu\u00e9 para acometer el desaf\u00edo de darle forma a un amplio acuerdo social y pol\u00edtico sigue dando que hablar<\/strong><\/em><\/p>\n<p>&nbsp;<\/p>\n<p>&nbsp;<\/p>\n<p>&nbsp;<\/p>\n<p>Al apoyo decidido de la UCR y al respaldo algo m\u00e1s medio y con condiciones desde el Pro, se han sumado voces del peronismo. La primera de ellas fue la del propio exintendente Enrique Cresto, que consider\u00f3 positiva la b\u00fasqueda del acuerdo.<\/p>\n<p>En las \u00faltimas horas de este lunes, tambi\u00e9n el Bloque de Concejales Justicialistas Concordia sali\u00f3 al ruedo. \u201cQueremos expresar nuestro total respaldo a la convocatoria que realiz\u00f3 d\u00edas atr\u00e1s el intendente de la ciudad, Francisco Azcu\u00e9, creemos firmemente como venimos afirmando desde el comienzo de la gesti\u00f3n que estamos atravesando un momento cr\u00edtico econ\u00f3micamente y socialmente como pocas veces hemos atravesado. Entendemos que estamos a tiempo de comenzar a salir adelante, de no llegar a tocar fondo del todo y que esto termine mal, y para que esto suceda todos los sectores tienen que aportar, pero principalmente quienes tienen a cargo las mayores responsabilidades\u201d, dijeron los ediles peronistas a trav\u00e9s de un comunicado.<\/p>\n<p>Desde el bloque aclararon que ello \u201ctampoco significa dejar de lado el mandato recibido desde el voto peronista, y los vecinos que comulgan nuestras ideas y trayectoria, sino todo lo contrario ser responsables y ver de incluir nuestra visi\u00f3n, en una acci\u00f3n m\u00e1s amplia que nos involucre a todos. En este sentido, acompa\u00f1amos un acuerdo pol\u00edtico, social, gremial, que incluya a todos, a los partidos, pero tambi\u00e9n a las ONG\u00b4s, a las entidades intermedias, y que no quede s\u00f3lo en palabras, sino se materialice en hechos\u201d.<\/p>\n<p>Expresaron que \u201cen este momento el sector pol\u00edtico tenga responsabilidad de gesti\u00f3n o no, no puede dedicarse solamente a estar mirando los colores partidarios, sino todo lo contrario, tiene que estar a la altura, dar una muestra de madurez necesaria, para que entre todos traccionemos a construir un futuro mejor\u201d.<\/p>\n<p>Los concejales del PJ se entusiasmaron con la idea de que Concordia d\u00e9 el ejemplo a nivel nacional: \u201cConcordia siempre ha sido trascendental en muchos aspectos, este es uno de ellos, y tiene que ser ejemplo a nivel nacional del consenso y gobernabilidad para que nuestra ciudad, provincia y pa\u00eds pueda dar vuelta de hoja, y dejar atr\u00e1s el conflicto por el conflicto mismo, que muchas veces es fogoneado meramente por intereses mezquinos que encolumnan a masas detr\u00e1s de los mismos bajo mensajes que parecen tener buenas intenciones pero en el fondo muchas veces traen m\u00e1s divisi\u00f3n y perjuicio para el pueblo argentino. Si nadie cede un mil\u00edmetro en nada, o se mantienen posiciones absolutas que quiz\u00e1s en otras \u00e9pocas eran necesarios, pero hoy no, nos mantendremos en ese status quo que entendemos es un impedimento para avanzar como sociedad\u201d.<\/p>\n<p>\u201cPor eso \u2013agregaron los concejales- consideramos que es clave dejar establecidos mediante consenso y acuerdos puntos en com\u00fan que quienes gobiernan, y gobernaran en un futuro, y quienes se encuentren en posiciones de poder de distintos sectores de nuestra comunidad, tengan que cumplir, sin importar colores pol\u00edticos e intereses propios. Entendemos a esta convocatoria a trabajar unidos por el bien com\u00fan como un puntapi\u00e9 en este sentido. Y que no se malinterprete, no es ning\u00fan cheque en blanco, porque si los posibles compromisos que se logren acordar no se cumplen, ning\u00fan sentido tendr\u00e1 lo que estaremos construyendo hoy\u201d.<\/p>\n<p>\u201cConcordia \u2013concluye el comunicado del Bloque del PJ- lleva en su nombre el significado de uni\u00f3n, de consenso, de acuerdo, de amistad, cordialidad, camarader\u00eda, y hoy tiene en sus manos la posibilidad de hacer historia, de trascender como la ciudad donde sus dirigentes, sus vecinos y sus instituciones se pusieron de acuerdo para salir adelante. Hag\u00e1moslo\u201d.<\/p>\n","protected":false},"excerpt":{"rendered":"<p>La convocatoria del intendente de Concordia Francisco Azcu\u00e9 para acometer el desaf\u00edo de darle forma a un amplio acuerdo social y pol\u00edtico sigue dando que hablar &nbsp; &nbsp; &nbsp; Al apoyo decidido de la UCR y al respaldo algo m\u00e1s medio y con condiciones desde el Pro, se han sumado voces del peronismo. La primera de ellas fue la del propio exintendente Enrique Cresto, que consider\u00f3 positiva la b\u00fasqueda del acuerdo. En las \u00faltimas horas de este lunes, tambi\u00e9n el Bloque de Concejales Justicialistas Concordia sali\u00f3 al ruedo. \u201cQueremos expresar&#8230;<\/p>\n","protected":false},"author":3,"featured_media":115887,"comment_status":"closed","ping_status":"closed","sticky":false,"template":"","format":"standard","meta":[],"categories":[15],"tags":[],"_links":{"self":[{"href":"https:\/\/www.actualidadadiario.com\/index.php\/wp-json\/wp\/v2\/posts\/115886"}],"collection":[{"href":"https:\/\/www.actualidadadiario.com\/index.php\/wp-json\/wp\/v2\/posts"}],"about":[{"href":"https:\/\/www.actualidadadiario.com\/index.php\/wp-json\/wp\/v2\/types\/post"}],"author":[{"embeddable":true,"href":"https:\/\/www.actualidadadiario.com\/index.php\/wp-json\/wp\/v2\/users\/3"}],"replies":[{"embeddable":true,"href":"https:\/\/www.actualidadadiario.com\/index.php\/wp-json\/wp\/v2\/comments?post=115886"}],"version-history":[{"count":1,"href":"https:\/\/www.actualidadadiario.com\/index.php\/wp-json\/wp\/v2\/posts\/115886\/revisions"}],"predecessor-version":[{"id":115888,"href":"https:\/\/www.actualidadadiario.com\/index.php\/wp-json\/wp\/v2\/posts\/115886\/revisions\/115888"}],"wp:featuredmedia":[{"embeddable":true,"href":"https:\/\/www.actualidadadiario.com\/index.php\/wp-json\/wp\/v2\/media\/115887"}],"wp:attachment":[{"href":"https:\/\/www.actualidadadiario.com\/index.php\/wp-json\/wp\/v2\/media?parent=115886"}],"wp:term":[{"taxonomy":"category","embeddable":true,"href":"https:\/\/www.actualidadadiario.com\/index.php\/wp-json\/wp\/v2\/categories?post=115886"},{"taxonomy":"post_tag","embeddable":true,"href":"https:\/\/www.actualidadadiario.com\/index.php\/wp-json\/wp\/v2\/tags?post=115886"}],"curies":[{"name":"wp","href":"https:\/\/api.w.org\/{rel}","templated":true}]}}