{"id":115883,"date":"2024-06-10T13:42:21","date_gmt":"2024-06-10T16:42:21","guid":{"rendered":"https:\/\/www.actualidadadiario.com\/?p=115883"},"modified":"2024-06-10T13:42:21","modified_gmt":"2024-06-10T16:42:21","slug":"por-que-el-10-de-junio-es-el-dia-de-afirmacion-de-los-derechos-argentinos-sobre-las-islas-malvinas","status":"publish","type":"post","link":"https:\/\/www.actualidadadiario.com\/index.php\/2024\/06\/10\/por-que-el-10-de-junio-es-el-dia-de-afirmacion-de-los-derechos-argentinos-sobre-las-islas-malvinas\/","title":{"rendered":"Por qu\u00e9 el 10 de junio es el D\u00eda de Afirmaci\u00f3n de los Derechos Argentinos sobre las Islas Malvinas"},"content":{"rendered":"<p style=\"text-align: center;\"><em><strong>La historia se remonta hace casi dos siglos atr\u00e1s, mientras que la lucha por la soberan\u00eda continua vigente<\/strong><\/em><\/p>\n<p>&nbsp;<\/p>\n<p>&nbsp;<\/p>\n<p>El 10 de junio es el D\u00eda de Afirmaci\u00f3n de los Derechos Argentinos sobre las Islas Malvinas Georgias del Sur y S\u00e1ndwich del Sur y los espacios mar\u00edtimos circundantes: en esta fecha se conmemora el 195\u00b0 aniversario de la creaci\u00f3n de la Comandancia Pol\u00edtica y Militar de las Islas Malvinas y adyacentes al Cabo de Hornos cuando se design\u00f3 a Luis Vernet como primer gobernador en 1829.<\/p>\n<p>La primera vez que se iz\u00f3 la bandera argentina en las Islas Malvinas fue el 6 de noviembre de 1820 cuando el coronel de la Armada David Jewett tom\u00f3 posesi\u00f3n del archipi\u00e9lago en nombre del Gobierno de las Provincias Unidas de R\u00edo de la Plata. De manera paulatina se fueron creando normas y reglas en la isla, adem\u00e1s de que se fomentaron el desarrollo de actividades comerciales y el establecimiento de poblaci\u00f3n.<\/p>\n<p>Este proceso se culmin\u00f3 el mencionado 10 de junio de 1829 con el establecimiento de la Comandancia Pol\u00edtica y Militar de las Malvinas y las adyacentes al Cabo de Hornos, aunque el gobierno criollo dur\u00f3 poco tiempo: en 1833 el Reino Unido ocup\u00f3 ilegalmente las islas mediante el uso de la fuerza y expuls\u00f3 a las autoridades argentinas que se encontraban all\u00ed leg\u00edtimamente asentadas.<\/p>\n<p>Desde ese momento, muchos gobiernos argentinos intentaron recuperar las islas mediante el di\u00e1logo y la v\u00eda diplom\u00e1tica, aunque hasta ahora no pudieron lograrlo. En 1965 la Asamblea General de las Naciones Unidas reconoci\u00f3 este conflicto y lo calific\u00f3 como un acto de \u201ccolonialismo\u201d por parte del Reino Unido que seg\u00fan la ONU atenta contra los derechos b\u00e1sicos, pone en riesgo la seguridad nacional y atenta contra su resoluci\u00f3n N\u00b0 1514 de 1960 que proclama poner fin r\u00e1pida e incondicionalmente al colonialismo en todas sus formas y manifestaciones.<\/p>\n<p>\u201cEn cumplimiento de la mencionada resoluci\u00f3n, desde 1966 y durante 16 a\u00f1os, ambos pa\u00edses llevaron a cabo negociaciones para alcanzar una soluci\u00f3n a la disputa de soberan\u00eda. No obstante, y pese a las innumerables invitaciones de la Argentina y a la exhortaci\u00f3n de las Naciones Unidas, el Reino Unido se niega de manera sistem\u00e1tica a retomar las negociaciones de soberan\u00eda\u201d, inform\u00f3 la Canciller\u00eda Argentina en un comunicado aleg\u00f3rico al D\u00eda de Afirmaci\u00f3n de los Derechos Argentinos sobre las Islas Malvinas.<\/p>\n<p>Luego, la historia se vuelve m\u00e1s conocida: en 1982 estall\u00f3 la Guerra entre la Argentina y Reino Unido en la que nuestro pa\u00eds recuper\u00f3 brevemente el control de las Islas entre los meses de abril y junio hasta que los brit\u00e1nicos terminaron imponiendo su superioridad b\u00e9lica y obligaron a la rendici\u00f3n de las fuerzas argentinas.<\/p>\n<p>Unos pocos meses luego de haber finalizado esta guerra la Asamblea General de las Naciones Unidas volvi\u00f3 a proclamarse y por amplia mayor\u00eda emiti\u00f3 la Resoluci\u00f3n 37\/9 que reconoce el fin del conflicto en el Atl\u00e1ntico Sur y tambi\u00e9n especifica que \u201cel conflicto b\u00e9lico no modific\u00f3 la naturaleza de la disputa de soberan\u00eda ni la resolvi\u00f3\u201d.<\/p>\n<p>\u201cEn esta fecha siempre trascendente para todos los argentinos, reafirmamos una vez m\u00e1s nuestros derechos de soberan\u00eda sobre las Islas Malvinas, Georgias del Sur, Sandwich del Sur, y los espacios mar\u00edtimos circundantes, por ser todos ellos parte integrante de nuestro territorio nacional\u201d, afirma la Canciller\u00eda Argentina en su comunicado.<\/p>\n","protected":false},"excerpt":{"rendered":"<p>La historia se remonta hace casi dos siglos atr\u00e1s, mientras que la lucha por la soberan\u00eda continua vigente &nbsp; &nbsp; El 10 de junio es el D\u00eda de Afirmaci\u00f3n de los Derechos Argentinos sobre las Islas Malvinas Georgias del Sur y S\u00e1ndwich del Sur y los espacios mar\u00edtimos circundantes: en esta fecha se conmemora el 195\u00b0 aniversario de la creaci\u00f3n de la Comandancia Pol\u00edtica y Militar de las Islas Malvinas y adyacentes al Cabo de Hornos cuando se design\u00f3 a Luis Vernet como primer gobernador en 1829. La primera vez&#8230;<\/p>\n","protected":false},"author":3,"featured_media":87763,"comment_status":"closed","ping_status":"closed","sticky":false,"template":"","format":"standard","meta":[],"categories":[2],"tags":[],"_links":{"self":[{"href":"https:\/\/www.actualidadadiario.com\/index.php\/wp-json\/wp\/v2\/posts\/115883"}],"collection":[{"href":"https:\/\/www.actualidadadiario.com\/index.php\/wp-json\/wp\/v2\/posts"}],"about":[{"href":"https:\/\/www.actualidadadiario.com\/index.php\/wp-json\/wp\/v2\/types\/post"}],"author":[{"embeddable":true,"href":"https:\/\/www.actualidadadiario.com\/index.php\/wp-json\/wp\/v2\/users\/3"}],"replies":[{"embeddable":true,"href":"https:\/\/www.actualidadadiario.com\/index.php\/wp-json\/wp\/v2\/comments?post=115883"}],"version-history":[{"count":1,"href":"https:\/\/www.actualidadadiario.com\/index.php\/wp-json\/wp\/v2\/posts\/115883\/revisions"}],"predecessor-version":[{"id":115884,"href":"https:\/\/www.actualidadadiario.com\/index.php\/wp-json\/wp\/v2\/posts\/115883\/revisions\/115884"}],"wp:featuredmedia":[{"embeddable":true,"href":"https:\/\/www.actualidadadiario.com\/index.php\/wp-json\/wp\/v2\/media\/87763"}],"wp:attachment":[{"href":"https:\/\/www.actualidadadiario.com\/index.php\/wp-json\/wp\/v2\/media?parent=115883"}],"wp:term":[{"taxonomy":"category","embeddable":true,"href":"https:\/\/www.actualidadadiario.com\/index.php\/wp-json\/wp\/v2\/categories?post=115883"},{"taxonomy":"post_tag","embeddable":true,"href":"https:\/\/www.actualidadadiario.com\/index.php\/wp-json\/wp\/v2\/tags?post=115883"}],"curies":[{"name":"wp","href":"https:\/\/api.w.org\/{rel}","templated":true}]}}