{"id":115880,"date":"2024-06-10T13:40:51","date_gmt":"2024-06-10T16:40:51","guid":{"rendered":"https:\/\/www.actualidadadiario.com\/?p=115880"},"modified":"2024-06-10T13:40:51","modified_gmt":"2024-06-10T16:40:51","slug":"pettovello-pidio-a-la-justicia-cerrar-la-causa-por-el-escandalo-de-los-alimentos","status":"publish","type":"post","link":"https:\/\/www.actualidadadiario.com\/index.php\/2024\/06\/10\/pettovello-pidio-a-la-justicia-cerrar-la-causa-por-el-escandalo-de-los-alimentos\/","title":{"rendered":"Pettovello pidi\u00f3 a la Justicia cerrar la causa por el esc\u00e1ndalo de los alimentos"},"content":{"rendered":"<p style=\"text-align: center;\"><em><strong>La defensa de la ministra solicit\u00f3 cerrar la causa en la que se investiga el manejo de las provisiones para la ayuda social. Semanas atr\u00e1s hab\u00eda pedido el sobreseimiento<\/strong><\/em><\/p>\n<p>&nbsp;<\/p>\n<p>&nbsp;<\/p>\n<p>La ministra de Capital Humano, Sandra Pettovello, pidi\u00f3 cerrar la causa judicial en la que se la investiga por el manejo indebido de la distribuci\u00f3n de los alimentos. La solicitud de la defensa de la funcionaria fue elevada al juez Sebasti\u00e1n Casanello hace un mes, pero este lunes trascendi\u00f3 este lunes la petici\u00f3n.<\/p>\n<p>La defensa de Pettovello plante\u00f3 ante Casanello la &#8220;inexistencia de delito&#8221; y exigi\u00f3 as\u00ed ser sobrese\u00edda en la causa impulsada por el dirigente Juan Grabois, al mismo tiempo que se exigi\u00f3 el cierre de la investigaci\u00f3n.<\/p>\n<p>En tanto, el Ministerio de Capital Humano fue obligado a presentar un plan de distribuci\u00f3n de los alimentos que est\u00e1n en los dep\u00f3sitos de Taf\u00ed Viejo (Tucum\u00e1n) y en Villa Martelli (provincia de Buenos Aires).<\/p>\n<p>&nbsp;<\/p>\n<p><strong>En medio de la crisis en Capital Humano, Javier Milei y Sandra Pettovello se reunieron m\u00e1s de cuatro horas en Olivos<\/strong><\/p>\n<p>El presidente Javier Milei y la ministra de Capital Humano, Sandra Pettovello, se reunieron ese s\u00e1bado durante cuatro horas en la quinta de Olivos, en medio de la crisis que atraviesa la cartera clave del Gobierno en la que hoy se confirm\u00f3 una nueva renuncia.<\/p>\n<p>En una se\u00f1al de respaldo, Milei recibi\u00f3 a Pettovello por la ma\u00f1ana y hasta el almuerzo repasaron temas de competencia de Capital Humano. Para el mandatario la misi\u00f3n es &#8220;continuar dando batalla contra la corrupci\u00f3n&#8221;. El Gobierno le apunta a las organizaciones sociales que recib\u00edan fondos del Estado.<\/p>\n","protected":false},"excerpt":{"rendered":"<p>La defensa de la ministra solicit\u00f3 cerrar la causa en la que se investiga el manejo de las provisiones para la ayuda social. Semanas atr\u00e1s hab\u00eda pedido el sobreseimiento &nbsp; &nbsp; La ministra de Capital Humano, Sandra Pettovello, pidi\u00f3 cerrar la causa judicial en la que se la investiga por el manejo indebido de la distribuci\u00f3n de los alimentos. La solicitud de la defensa de la funcionaria fue elevada al juez Sebasti\u00e1n Casanello hace un mes, pero este lunes trascendi\u00f3 este lunes la petici\u00f3n. La defensa de Pettovello plante\u00f3 ante&#8230;<\/p>\n","protected":false},"author":3,"featured_media":115722,"comment_status":"closed","ping_status":"closed","sticky":false,"template":"","format":"standard","meta":[],"categories":[18],"tags":[],"_links":{"self":[{"href":"https:\/\/www.actualidadadiario.com\/index.php\/wp-json\/wp\/v2\/posts\/115880"}],"collection":[{"href":"https:\/\/www.actualidadadiario.com\/index.php\/wp-json\/wp\/v2\/posts"}],"about":[{"href":"https:\/\/www.actualidadadiario.com\/index.php\/wp-json\/wp\/v2\/types\/post"}],"author":[{"embeddable":true,"href":"https:\/\/www.actualidadadiario.com\/index.php\/wp-json\/wp\/v2\/users\/3"}],"replies":[{"embeddable":true,"href":"https:\/\/www.actualidadadiario.com\/index.php\/wp-json\/wp\/v2\/comments?post=115880"}],"version-history":[{"count":1,"href":"https:\/\/www.actualidadadiario.com\/index.php\/wp-json\/wp\/v2\/posts\/115880\/revisions"}],"predecessor-version":[{"id":115881,"href":"https:\/\/www.actualidadadiario.com\/index.php\/wp-json\/wp\/v2\/posts\/115880\/revisions\/115881"}],"wp:featuredmedia":[{"embeddable":true,"href":"https:\/\/www.actualidadadiario.com\/index.php\/wp-json\/wp\/v2\/media\/115722"}],"wp:attachment":[{"href":"https:\/\/www.actualidadadiario.com\/index.php\/wp-json\/wp\/v2\/media?parent=115880"}],"wp:term":[{"taxonomy":"category","embeddable":true,"href":"https:\/\/www.actualidadadiario.com\/index.php\/wp-json\/wp\/v2\/categories?post=115880"},{"taxonomy":"post_tag","embeddable":true,"href":"https:\/\/www.actualidadadiario.com\/index.php\/wp-json\/wp\/v2\/tags?post=115880"}],"curies":[{"name":"wp","href":"https:\/\/api.w.org\/{rel}","templated":true}]}}