{"id":115877,"date":"2024-06-10T13:40:12","date_gmt":"2024-06-10T16:40:12","guid":{"rendered":"https:\/\/www.actualidadadiario.com\/?p=115877"},"modified":"2024-06-10T13:40:12","modified_gmt":"2024-06-10T16:40:12","slug":"argentina-no-suscribira-al-acuerdo-pandemico-de-la-oms","status":"publish","type":"post","link":"https:\/\/www.actualidadadiario.com\/index.php\/2024\/06\/10\/argentina-no-suscribira-al-acuerdo-pandemico-de-la-oms\/","title":{"rendered":"Argentina no suscribir\u00e1 al acuerdo pand\u00e9mico de la OMS"},"content":{"rendered":"<p style=\"text-align: center;\"><em><strong>As\u00ed lo confirm\u00f3 el vocero presidencial, Manuel Adorni, en una reciente conferencia de prensa. Los detalles<\/strong><\/em><\/p>\n<p>&nbsp;<\/p>\n<p>&nbsp;<\/p>\n<p>El vocero presidencial Manuel Adorni asegur\u00f3 que la Argentina no suscribir\u00e1 al tratado pand\u00e9mico de la Organizaci\u00f3n Mundial de la Salud (OMS) y que ni aceptar\u00e1 ning\u00fan pacto internacional que implique ceder soberan\u00eda. &#8220;Consideramos que podemos tomar nuestras propias decisiones ante un evento que puede no darse nunca. Entendemos que podemos hacerlo por nuestra cuenta sin depender de otros pa\u00edses&#8221;, complet\u00f3 en su conferencia de prensa.<\/p>\n<p>Vale recordar que el presidente Javier Milei reposte\u00f3 hace horas una publicaci\u00f3n en la red social X, en la que un seguidor libertario escribi\u00f3: &#8220;Argentina volvi\u00f3 a ratificar su soberan\u00eda frente a la OMS y sus futuros tratados internacionales de pandemias&#8221;.<\/p>\n<p>A lo que el mandatario respondi\u00f3: &#8220;Viva la libertad carajo&#8221;, acompa\u00f1ado del video que muestra la reuni\u00f3n de la Organizaci\u00f3n Mundial de la Salud.<\/p>\n<p>&nbsp;<\/p>\n<p><strong>Argentina no suscribir\u00e1 al acuerdo pand\u00e9mico de la OMS<\/strong><\/p>\n<p>Hace pocos d\u00edas, desde la cartera sanitaria que dirige Mario Russo, se emiti\u00f3 un comunicado en el que ratificaron la postura argentina respecto al acuerdo pand\u00e9mico de la OMS.<\/p>\n<p>\u201cDesde el Ministerio de Salud de la Naci\u00f3n, se enfatiz\u00f3 que nuestro pa\u00eds no suscribir\u00e1 ning\u00fan acuerdo pand\u00e9mico que pueda llegar a afectar temas de soberan\u00eda nacional y las capacidades existentes -indicaron-. En este sentido, la Argentina continu\u00f3 trabajando en el marco del multilateralismo en temas estrat\u00e9gicos de importancia en la agenda de salud p\u00fablica nacional, regional e internacional, como la digitalizaci\u00f3n del sistema de salud, el fortalecimiento de las cadenas de suministro, la lucha contra la resistencia antimicrobiana, la promoci\u00f3n de la investigaci\u00f3n y el desarrollo en salud, entre otros\u201d.<\/p>\n<p>Y completaron el escrito: \u201cEs por eso por lo que la Rep\u00fablica Argentina, como miembro de la OMS y estado parte del RSI (2005), apoya plenamente la misi\u00f3n de la OMS como autoridad institucional rectora y coordinadora con el prop\u00f3sito de alcanzar el m\u00e1s alto nivel de salud. Sin embargo, se puso de manifiesto [con las exposiciones de los delegados] la preocupaci\u00f3n sobre el proceso de enmienda al reglamento sanitario y se apel\u00f3 a que dicho proceso cumpla con los tiempos y procesos de consulta previos establecidos. Nuestro pa\u00eds realizar\u00e1 su evaluaci\u00f3n y tomar\u00e1 decisi\u00f3n como pa\u00eds soberano y miembro de la OMS\u201d.<\/p>\n","protected":false},"excerpt":{"rendered":"<p>As\u00ed lo confirm\u00f3 el vocero presidencial, Manuel Adorni, en una reciente conferencia de prensa. Los detalles &nbsp; &nbsp; El vocero presidencial Manuel Adorni asegur\u00f3 que la Argentina no suscribir\u00e1 al tratado pand\u00e9mico de la Organizaci\u00f3n Mundial de la Salud (OMS) y que ni aceptar\u00e1 ning\u00fan pacto internacional que implique ceder soberan\u00eda. &#8220;Consideramos que podemos tomar nuestras propias decisiones ante un evento que puede no darse nunca. Entendemos que podemos hacerlo por nuestra cuenta sin depender de otros pa\u00edses&#8221;, complet\u00f3 en su conferencia de prensa. Vale recordar que el presidente Javier&#8230;<\/p>\n","protected":false},"author":3,"featured_media":115878,"comment_status":"closed","ping_status":"closed","sticky":false,"template":"","format":"standard","meta":[],"categories":[18],"tags":[],"_links":{"self":[{"href":"https:\/\/www.actualidadadiario.com\/index.php\/wp-json\/wp\/v2\/posts\/115877"}],"collection":[{"href":"https:\/\/www.actualidadadiario.com\/index.php\/wp-json\/wp\/v2\/posts"}],"about":[{"href":"https:\/\/www.actualidadadiario.com\/index.php\/wp-json\/wp\/v2\/types\/post"}],"author":[{"embeddable":true,"href":"https:\/\/www.actualidadadiario.com\/index.php\/wp-json\/wp\/v2\/users\/3"}],"replies":[{"embeddable":true,"href":"https:\/\/www.actualidadadiario.com\/index.php\/wp-json\/wp\/v2\/comments?post=115877"}],"version-history":[{"count":1,"href":"https:\/\/www.actualidadadiario.com\/index.php\/wp-json\/wp\/v2\/posts\/115877\/revisions"}],"predecessor-version":[{"id":115879,"href":"https:\/\/www.actualidadadiario.com\/index.php\/wp-json\/wp\/v2\/posts\/115877\/revisions\/115879"}],"wp:featuredmedia":[{"embeddable":true,"href":"https:\/\/www.actualidadadiario.com\/index.php\/wp-json\/wp\/v2\/media\/115878"}],"wp:attachment":[{"href":"https:\/\/www.actualidadadiario.com\/index.php\/wp-json\/wp\/v2\/media?parent=115877"}],"wp:term":[{"taxonomy":"category","embeddable":true,"href":"https:\/\/www.actualidadadiario.com\/index.php\/wp-json\/wp\/v2\/categories?post=115877"},{"taxonomy":"post_tag","embeddable":true,"href":"https:\/\/www.actualidadadiario.com\/index.php\/wp-json\/wp\/v2\/tags?post=115877"}],"curies":[{"name":"wp","href":"https:\/\/api.w.org\/{rel}","templated":true}]}}