{"id":115872,"date":"2024-06-10T13:38:12","date_gmt":"2024-06-10T16:38:12","guid":{"rendered":"https:\/\/www.actualidadadiario.com\/?p=115872"},"modified":"2024-06-10T13:38:12","modified_gmt":"2024-06-10T16:38:12","slug":"milei-viajara-al-g7-en-italia-en-lo-que-sera-su-octava-salida-del-pais-desde-que-asumio","status":"publish","type":"post","link":"https:\/\/www.actualidadadiario.com\/index.php\/2024\/06\/10\/milei-viajara-al-g7-en-italia-en-lo-que-sera-su-octava-salida-del-pais-desde-que-asumio\/","title":{"rendered":"Milei viajar\u00e1 al G7 en Italia, en lo que ser\u00e1 su octava salida del pa\u00eds desde que asumi\u00f3"},"content":{"rendered":"<p style=\"text-align: center;\"><em><strong>En una semana caliente entre el tratamiento en el Senado y la renovaci\u00f3n del swap con China, el Presidente vuelve a irse del pa\u00eds para continuar con su agenda personal<\/strong><\/em><\/p>\n<p>&nbsp;<\/p>\n<p>&nbsp;<\/p>\n<p>El presidente Javier Milei cumple 6 meses en el Gobierno en una semana caliente en la que se trata en el Senado el proyecto de Ley Bases, mientras China decide si renovar o no el swap de monedas. En ese contexto, el mandatario se va del pa\u00eds una vez m\u00e1s, ya que decidi\u00f3 viajar a Italia para asistir a la Cumbre del G7, que se celebrar\u00e1 entre el 12 y el 15 de junio en Borgo Egnazia, en lo que ser\u00e1 su octava salida del pa\u00eds desde que asumi\u00f3.<\/p>\n<p>El libertario sigue sumando millas en viajes que son cuestionados por responder m\u00e1s a una agenda personal que a los intereses del pa\u00eds. Cuatro de ellos fueron a Estados Unidos, donde, adem\u00e1s de reunirse con empresarios, recibi\u00f3 distinciones y dio conferencias.<\/p>\n<p>Se trata de una semana de alto voltaje pol\u00edtico ya que el mi\u00e9rcoles por la ma\u00f1ana comenzar\u00e1 la sesi\u00f3n en la que se tratar\u00e1 el proyecto de Ley Bases y el paquete fiscal, por lo que el jefe de Gabinete, Guillermo Francos, encabeza las negociaciones a contrarreloj para intentar que el Gobierno no sume un nuevo fracaso en el Congreso.<\/p>\n<p>Tal como explic\u00f3 el exministro del Interior al momento de asumir su nuevo cargo, fue elegido para impulsar el di\u00e1logo y la concreci\u00f3n de acuerdos con otros espacios, ya que el propio Milei &#8220;no entiende la pol\u00edtica argentina&#8221;.<\/p>\n","protected":false},"excerpt":{"rendered":"<p>En una semana caliente entre el tratamiento en el Senado y la renovaci\u00f3n del swap con China, el Presidente vuelve a irse del pa\u00eds para continuar con su agenda personal &nbsp; &nbsp; El presidente Javier Milei cumple 6 meses en el Gobierno en una semana caliente en la que se trata en el Senado el proyecto de Ley Bases, mientras China decide si renovar o no el swap de monedas. En ese contexto, el mandatario se va del pa\u00eds una vez m\u00e1s, ya que decidi\u00f3 viajar a Italia para asistir&#8230;<\/p>\n","protected":false},"author":3,"featured_media":114612,"comment_status":"closed","ping_status":"closed","sticky":false,"template":"","format":"standard","meta":[],"categories":[18],"tags":[],"_links":{"self":[{"href":"https:\/\/www.actualidadadiario.com\/index.php\/wp-json\/wp\/v2\/posts\/115872"}],"collection":[{"href":"https:\/\/www.actualidadadiario.com\/index.php\/wp-json\/wp\/v2\/posts"}],"about":[{"href":"https:\/\/www.actualidadadiario.com\/index.php\/wp-json\/wp\/v2\/types\/post"}],"author":[{"embeddable":true,"href":"https:\/\/www.actualidadadiario.com\/index.php\/wp-json\/wp\/v2\/users\/3"}],"replies":[{"embeddable":true,"href":"https:\/\/www.actualidadadiario.com\/index.php\/wp-json\/wp\/v2\/comments?post=115872"}],"version-history":[{"count":1,"href":"https:\/\/www.actualidadadiario.com\/index.php\/wp-json\/wp\/v2\/posts\/115872\/revisions"}],"predecessor-version":[{"id":115873,"href":"https:\/\/www.actualidadadiario.com\/index.php\/wp-json\/wp\/v2\/posts\/115872\/revisions\/115873"}],"wp:featuredmedia":[{"embeddable":true,"href":"https:\/\/www.actualidadadiario.com\/index.php\/wp-json\/wp\/v2\/media\/114612"}],"wp:attachment":[{"href":"https:\/\/www.actualidadadiario.com\/index.php\/wp-json\/wp\/v2\/media?parent=115872"}],"wp:term":[{"taxonomy":"category","embeddable":true,"href":"https:\/\/www.actualidadadiario.com\/index.php\/wp-json\/wp\/v2\/categories?post=115872"},{"taxonomy":"post_tag","embeddable":true,"href":"https:\/\/www.actualidadadiario.com\/index.php\/wp-json\/wp\/v2\/tags?post=115872"}],"curies":[{"name":"wp","href":"https:\/\/api.w.org\/{rel}","templated":true}]}}