{"id":115867,"date":"2024-06-10T13:36:42","date_gmt":"2024-06-10T16:36:42","guid":{"rendered":"https:\/\/www.actualidadadiario.com\/?p=115867"},"modified":"2024-06-10T13:36:42","modified_gmt":"2024-06-10T16:36:42","slug":"karina-milei-manejara-un-organismo-de-comercio-internacional-que-dependia-de-mondino-y-se-empodera-mas-dentro-del-gobierno","status":"publish","type":"post","link":"https:\/\/www.actualidadadiario.com\/index.php\/2024\/06\/10\/karina-milei-manejara-un-organismo-de-comercio-internacional-que-dependia-de-mondino-y-se-empodera-mas-dentro-del-gobierno\/","title":{"rendered":"Karina Milei manejar\u00e1 un organismo de comercio internacional que depend\u00eda de Mondino y se empodera m\u00e1s dentro del Gobierno"},"content":{"rendered":"<p style=\"text-align: center;\"><em><strong>A trav\u00e9s de los decretos 511\/2024 y 512\/2024, publicados este lunes en el Bolet\u00edn Oficial, el Poder Ejecutivo modific\u00f3 la ley de Ministerios. Siguen los movimientos dentro del Gobierno<\/strong><\/em><\/p>\n<p>&nbsp;<\/p>\n<p>&nbsp;<\/p>\n<p>En medio del esc\u00e1ndalo por los alimentos en Capital Humano con la salida de varios funcionarios, siguen los movimientos dentro del Gobierno, que cumple seis meses de mandato del presidente Javier Milei. A partir de hoy, la secretaria General de la Presidencia y hermana del mandatario, Karina Milei, manejar\u00e1 un organismo de comercio internacional que depend\u00eda de Diana Mondino en la Canciller\u00eda.<\/p>\n<p>A trav\u00e9s de los decretos 511\/2024 y 512\/2024, publicados este lunes en el Bolet\u00edn Oficial, el Poder Ejecutivo modific\u00f3 la Ley de Ministerios para que la Fundaci\u00f3n Argentina para la Promoci\u00f3n de Inversiones y Comercio Internacional, cuya competencia estaba asignada al Ministerio de Relaciones Exteriores, Comercio Internacional y Culto, pase a estar incluida dentro del organigrama de la Secretar\u00eda General de la Presidencia de la Naci\u00f3n.<\/p>\n<p>Karina Milei absorbi\u00f3 un \u00e1rea clave de comercio internacional que depend\u00eda de Diana Mondino<\/p>\n<p>El organismo en cuesti\u00f3n es la ex Fundaci\u00f3n Exportar, la agencia nacional de promoci\u00f3n de exportaciones e inversiones que depend\u00eda hasta hoy de Canciller\u00eda, cuyo objetivo es la promoci\u00f3n de las exportaciones y las inversiones en el pa\u00eds, \u201cacompa\u00f1ando a las pymes en su salida al mundo y facilitando proyectos de inversi\u00f3n productiva a lo largo del territorio nacional\u201d.<\/p>\n<p>Es \u201cpor razones de gesti\u00f3n\u201d, se justific\u00f3 en los considerando del texto. En el documento se se\u00f1ala entre sus objetivos \u201centender en las acciones de promoci\u00f3n del comercio de bienes y servicios argentinos en el exterior, as\u00ed como en la promoci\u00f3n de inversiones en la Rep\u00fablica Argentina, elaborando las instrucciones y las directivas para las Representaciones Diplom\u00e1ticas y Consulares de la Rep\u00fablica Argentina y delegaciones oficiales en los aspectos de su competencia, de conformidad con los lineamientos de la Secretar\u00eda\u201d.<\/p>\n<p>&nbsp;<\/p>\n<p><strong>Qu\u00e9 es la Fundaci\u00f3n Argentina para la Promoci\u00f3n de Inversiones y Comercio Internacional que depend\u00eda de Diana Mondino<\/strong><\/p>\n<p>Esta agencia nacional de promoci\u00f3n de exportaciones e inversiones formaba parte de la Canciller\u00eda, ministerio que comanda Diana Mondino y tiene como prop\u00f3sito la promoci\u00f3n de las exportaciones y las inversiones en el pa\u00eds, \u201cacompa\u00f1ando a las pymes en su salida al mundo y facilitando proyectos de inversi\u00f3n productiva a lo largo del territorio nacional\u201d.<\/p>\n<p>Esta se encarga de ayudar a las peque\u00f1as y medianas empresas \u201ca recorrer de punta a punta el camino exportador y expandir sus negocios en el mercado internacional\u201d. En ese sentido, brinda algunas herramientas para \u201cabordar cada desaf\u00edo de su inserci\u00f3n inteligente en el mundo, desde la primera exportaci\u00f3n hasta abrir oficinas en un nuevo mercado\u201d.<\/p>\n<p>&nbsp;<\/p>\n<p><strong>Qui\u00e9nes integran la Fundaci\u00f3n Argentina para la Promoci\u00f3n de Inversiones y Comercio Internacional que tendr\u00e1 Karina Milei<\/strong><\/p>\n<p>Esta \u00e1rea, que ahora depende de Karina Milei, cuenta con un Consejo presidido por la Uni\u00f3n Industrial Argentina (UIA). A su vez, posee representantes de varios sectores, entre ellos la Confederaci\u00f3n Argentina de la Mediana Empresa (CAME); la Asociaci\u00f3n de Importadores y Exportadores de la Rep\u00fablica Argentina (AIERA); la Secretar\u00eda de Comercio del Ministerio de Econom\u00eda; y la Secretar\u00eda de Relaciones Econ\u00f3micas Internacionales del Ministerio de Relaciones Exteriores, Comercio Internacional y Culto.<\/p>\n","protected":false},"excerpt":{"rendered":"<p>A trav\u00e9s de los decretos 511\/2024 y 512\/2024, publicados este lunes en el Bolet\u00edn Oficial, el Poder Ejecutivo modific\u00f3 la ley de Ministerios. Siguen los movimientos dentro del Gobierno &nbsp; &nbsp; En medio del esc\u00e1ndalo por los alimentos en Capital Humano con la salida de varios funcionarios, siguen los movimientos dentro del Gobierno, que cumple seis meses de mandato del presidente Javier Milei. A partir de hoy, la secretaria General de la Presidencia y hermana del mandatario, Karina Milei, manejar\u00e1 un organismo de comercio internacional que depend\u00eda de Diana Mondino&#8230;<\/p>\n","protected":false},"author":3,"featured_media":115868,"comment_status":"closed","ping_status":"closed","sticky":false,"template":"","format":"standard","meta":[],"categories":[18],"tags":[],"_links":{"self":[{"href":"https:\/\/www.actualidadadiario.com\/index.php\/wp-json\/wp\/v2\/posts\/115867"}],"collection":[{"href":"https:\/\/www.actualidadadiario.com\/index.php\/wp-json\/wp\/v2\/posts"}],"about":[{"href":"https:\/\/www.actualidadadiario.com\/index.php\/wp-json\/wp\/v2\/types\/post"}],"author":[{"embeddable":true,"href":"https:\/\/www.actualidadadiario.com\/index.php\/wp-json\/wp\/v2\/users\/3"}],"replies":[{"embeddable":true,"href":"https:\/\/www.actualidadadiario.com\/index.php\/wp-json\/wp\/v2\/comments?post=115867"}],"version-history":[{"count":1,"href":"https:\/\/www.actualidadadiario.com\/index.php\/wp-json\/wp\/v2\/posts\/115867\/revisions"}],"predecessor-version":[{"id":115869,"href":"https:\/\/www.actualidadadiario.com\/index.php\/wp-json\/wp\/v2\/posts\/115867\/revisions\/115869"}],"wp:featuredmedia":[{"embeddable":true,"href":"https:\/\/www.actualidadadiario.com\/index.php\/wp-json\/wp\/v2\/media\/115868"}],"wp:attachment":[{"href":"https:\/\/www.actualidadadiario.com\/index.php\/wp-json\/wp\/v2\/media?parent=115867"}],"wp:term":[{"taxonomy":"category","embeddable":true,"href":"https:\/\/www.actualidadadiario.com\/index.php\/wp-json\/wp\/v2\/categories?post=115867"},{"taxonomy":"post_tag","embeddable":true,"href":"https:\/\/www.actualidadadiario.com\/index.php\/wp-json\/wp\/v2\/tags?post=115867"}],"curies":[{"name":"wp","href":"https:\/\/api.w.org\/{rel}","templated":true}]}}