{"id":115864,"date":"2024-06-10T13:35:42","date_gmt":"2024-06-10T16:35:42","guid":{"rendered":"https:\/\/www.actualidadadiario.com\/?p=115864"},"modified":"2024-06-10T13:35:42","modified_gmt":"2024-06-10T16:35:42","slug":"afuera-ya-son-82-los-funcionarios-que-dejaron-sus-cargos-en-solo-seis-meses-de-gobierno-de-milei","status":"publish","type":"post","link":"https:\/\/www.actualidadadiario.com\/index.php\/2024\/06\/10\/afuera-ya-son-82-los-funcionarios-que-dejaron-sus-cargos-en-solo-seis-meses-de-gobierno-de-milei\/","title":{"rendered":"\u00a1Afuera!: ya son 82 los funcionarios que dejaron sus cargos en s\u00f3lo seis meses de gobierno de Milei"},"content":{"rendered":"<p style=\"text-align: center;\"><em><strong>El Ejecutivo nacional registra una alt\u00edsima tasa de renuncias y despidos, signo inequ\u00edvoco de inestabilidad dentro de la gesti\u00f3n y de la falta de pericia en el manejo pol\u00edtico, que una nueva crisis con la canciller Mondino vuelve a poner en evidencia<\/strong><\/em><\/p>\n<p>&nbsp;<\/p>\n<p>&nbsp;<\/p>\n<p>Un total de 82 funcionarios, entre ministros, secretarios, subsecretarios y directores, abandonaron sus cargos y quedaron afuera del Gobierno durante los primeros seis meses de la presidencia de Javier Milei, quien adelant\u00f3 que todo su gabinete est\u00e1 \u201cbajo an\u00e1lisis\u201d seg\u00fan el resultado del debate en la C\u00e1mara alta de la Ley de Bases. En las \u00faltimas semanas, el Gobierno registr\u00f3 una serie de bajas importantes producto de conflictos internos, esc\u00e1ndalos relacionados con la distribuci\u00f3n de alimentos para merenderos y sobresueldos con dinero proveniente de organismos internacionales.<\/p>\n<p>En la primera semana de Junio los funcionarios m\u00e1s importantes que abandonaron sus cargos fueron el secretario de Ciencia y Tecnolog\u00eda, Alejandro Cosentino; la Subsecretar\u00eda de Protecci\u00f3n contra la Violencia de G\u00e9nero, Claudia Barcia; la subsecretaria de Innovaci\u00f3n de Educaci\u00f3n, Mar\u00eda Pla Alba, el secretario de empresas p\u00fablicas y sociedades del Estado, Mauricio Gonz\u00e1lez Botto y el Jefe de Gabinete del ministerio de Capital Humano y mano derecha de la ministra de Capital Humano, Sandra Pettovello, Alejandro Szeresevsky.<\/p>\n<p>La salida de Barcia, a tres d\u00edas de la manifestaci\u00f3n del colectivo Ni Una Menos, provoc\u00f3 la disoluci\u00f3n de esa subsecretar\u00eda, que anteriormente era el Ministerio de la Mujer y que seg\u00fan el gobierno dicha cartera fue creada y utilizada con \u201cfines pol\u00edticos-partidarios para proponer e imponer una agenda ideol\u00f3gica, contratar militantes y organizar charlas y eventos\u201d.<\/p>\n<p>En estos 180 d\u00edas, la salida m\u00e1s importante que tuvo el gobierno fue la del exjefe de Gabinete, Nicol\u00e1s Posse, a fines del mes pasado por disputas internas dentro del gobierno y bajo sospechas de haber espiado a integrantes del equipo del Presidente. Su sucesor, el exministro del Interior Guillermo Francos, decidi\u00f3 absorber en la Jefatura el ministerio pol\u00edtico, y design\u00f3 como vicejefe de Gabinete ejecutivo a Jose Rolandi y vicejefe de gabinete del Interior a Lisandro Catalan.<\/p>\n<p>Otras salidas destacadas en el gobierno fueron la del exministro de Infraestructura, Guillermo Ferraro; la secretaria de Miner\u00eda, Flavia Royon y el titular de la ANSES, Osvaldo Giordano.<\/p>\n<p>&nbsp;<\/p>\n<p><strong>Capital Humano, el \u00e1rea con m\u00e1s renuncias<\/strong><\/p>\n<p>La cartera liderada por Sandra Pettovello, que congrega a los ex ministerios de Educaci\u00f3n, Trabajo, Cultura y de las Mujeres, G\u00e9neros y Diversidades, es el \u00e1rea con mayor cantidad de abandonos: 41 funcionarios dejaron sus cargos. Una decena de funcionarios de esta cartera renunciaron a causa de la denuncia por la no entrega de alimentos a comedores, lo cuales se encontraban en dep\u00f3sitos de Taf\u00ed Viejo (Tucuman) y Villa Martelli (Buenos Aires) y por las acusaciones de sobresueldos con dinero provenientes de la Organizaci\u00f3n de Estados Iberoamericanos (OEI).<\/p>\n<p>Por el esc\u00e1ndalo abandonaron sus cargos, el ex secretario Nacional de Ni\u00f1ez, Adolescencia y Familia, Pablo de la Torre; el subsecretario de Pol\u00edticas Sociales, H\u00e9ctor Calvente; la subsecretar\u00eda de Pol\u00edticas Territoriales y Desarrollo Humano, Mar\u00eda Luc\u00eda Raskovsky; el director Nacional de Emergencia, Esteban Mar\u00eda Bosch y el coordinador General de la Comisi\u00f3n nacional de Coordinaci\u00f3n del programa del microcr\u00e9dito para el desarrollo de la Econom\u00eda Social, Fernando Cruz Molina Pico.<\/p>\n<p>A su vez, la sangr\u00eda de funcionarios se extendi\u00f3 a la Secretar\u00eda de Educaci\u00f3n, dirigida por Carlos Terrendell, con la renuncia de la Subsecretar\u00eda de Innovaci\u00f3n Educativa, Mar\u00eda Pla Alba; el Jefe de Gabinete de la Secretar\u00eda de Innovaci\u00f3n, Jose Richards; y la directora de planeamiento Silvina Gysseles. El viernes, el jefe de Gabinete de Capital Humano, Fernando Szeresevsky abandon\u00f3 su cargo en el ministerio aduciendo problemas personales y priorizando su labor como representante de la banda de rock Los Ratones Paranoicos, liderados por Juanse. \u201cEstaba sin vida pr\u00e1cticamente\u201d, dijo Szeresevsky.<\/p>\n<p>Tambi\u00e9n quedaron afuera del \u00e1rea de Capital Humano, Rodrigo Aybar (exsubsecretario de Innovaci\u00f3n de la Econom\u00eda Solidaria), Pablo Rodrigu\u00e9 (exsubsecretario de Pol\u00edticas Sociales); Esteban Bosch (exdirector Nacional de Emergencia); Agust\u00edn S\u00e1nchez Sorondo (exsubsecretario administrativo). En la cartera de Trabajo abandonaron sus cargos los exsubsecretarios Horacio Pitrau, Luis Palomino, Mariana Hortal Sueldo y Liliana Archimbal.<\/p>\n<p>Otros que abandonaron sus cargos fueron Gervasio Corach (Subdirector de Anses); Maximiliano Keczeli (exsecretario de Coordinaci\u00f3n Legal y Administrativa); Ricardo Spartano (exsubsecretario de Gesti\u00f3n Administrativa); Marcelo Rub\u00e9n Basilotta (ex director ejecutivo Casa Patria Grande). Tambi\u00e9n Gerardo Marcelo Hita (exdirector del Consejo Nacional de Coordinaci\u00f3n de Pol\u00edticas Sociales); Juan Ignacio L\u00f3pez Montoiro (exsubsecretario de Gesti\u00f3n Administrativa).<\/p>\n<p>En el \u00e1rea de cultura del Gobierno tambi\u00e9n abandonaron sus cargos los directivos de Tecn\u00f3polis, Federico Iglesias (Director de Tecn\u00f3polis); Joaqu\u00edn Wagner (Director de planificaci\u00f3n del parque) y Mat\u00edas Vitale (Director de log\u00edstica del parque), Sergio Bixio (Director de Inform\u00e1tica e Informaci\u00f3n del ministerio de Capital Humano) y Graciela Paola Monje (Directora de Presupuesto dependiente de la direcci\u00f3n general de administraci\u00f3n de la Secretaria de Educaci\u00f3n).<\/p>\n<p>Adem\u00e1s, salieron de la gesti\u00f3n Alejandro D\u00edaz (Director de Infraestructura y Servicios Generales de Capital Humano); Daniel Pastrano; (Firma de Despacho del Departamento del suministro de la Capital Humano); Ernesto Medina (Director de Acciones judiciales de Capital Humano); Marina Andragnez (Firma de despacho del departamento de Compras y contrataciones Administraci\u00f3n Central de Capital Humano). Se suman: Nicol\u00e1s Sojit (Director general de Programas y Proyectos Sectoriales y Especiales del ministerio de Trabajo); Yanina Palmeiro (Directora General de Recursos Humanos de la secretaria de Trabajo), M\u00f3nica Alcibar (Directora de Inform\u00e1tica e innovaci\u00f3n Tecnol\u00f3gica de la Secretaria de Trabajo); Mart\u00edn Bugueiro (director general de Administraci\u00f3n de la Secretaria de Trabajo).<\/p>\n<p>A su vez dejaron la cartera; Lucas Bosch (Jefe Transitorio del Departamento de Seguridad y Control de Acceso del directorio de Infraestructura y Servicio Generales de Capital Humano); Gast\u00f3n Acosta (Director de Empleo Asalariado de Capital Humano); Cecilia Paladino (Jefa Transitoria del Departamento de Gesti\u00f3n de Compras de Unidades Desconcentradas de Capital Humano); Diego Pardo (Firma de Despacho del Departamento de Higiene y Seguridad de Capital Humano) y Daniel Pastrano (Firma de Despacho del Departamento de Suministros de Capital Humano).<\/p>\n<p>&nbsp;<\/p>\n<p><strong>Milei y un despido por televisi\u00f3n<\/strong><\/p>\n<p>Un caso emblem\u00e1tico fue el del exsecretario de Trabajo, Omar Yasin, quien se enter\u00f3 que deb\u00eda abandonar el barco durante una de las tantas entrevistas en vivo que el presidente Milei dio a la se\u00f1al La Naci\u00f3n +. La misma se dio tras el esc\u00e1ndalo por los aumentos de 48% en los sueldo de marzo en el Poder Ejecutivo, que se formalizaron a partir de un decreto firmado por el propio mandatario durante los \u00faltimos d\u00edas de febrero.<\/p>\n<p>Milei reconoci\u00f3 en pantalla que se trat\u00f3 de un error y por ese medio tambi\u00e9n anunci\u00f3 que en ese mismo momento se estaba oficializando el despido de Yas\u00edn, sobre qui\u00e9n cargo toda la responsabilidad de una decisi\u00f3n que en realidad le cab\u00eda por completo al propio Presidente.<\/p>\n<p>&nbsp;<\/p>\n<p><strong>Otros que quedaron afuera del Gobierno<\/strong><\/p>\n<p>Otros funcionarios que abandonaron la gesti\u00f3n p\u00fablica durante el gobierno libertario fueron Silvestre Sivori (Titular de la AFI); Ricardo Schleiper (Subsecretario de Deportes), Enrique Rodr\u00edguez Ghiantore (Superintendente de Salud), Armando Guibert (Secretario de Transformaci\u00f3n del Estado), Diego Marias (Interventor de Medios p\u00fablicos), Belen Stettler (Secretaria de Medios), los voceros Juan Caruso y Eduardo Roust; David Arauchan (Agencia Nacional de Discapacidad).<\/p>\n<p>Tambi\u00e9n Pablo Lostri (Secretario de Vivienda), Sebasti\u00e1n Garc\u00eda de Luca (Secretario de Articulaci\u00f3n federal del Ministerio de Seguridad), Cristian Sedam (Gerente de Contar) y Alejandro Guglielmi (Jefe de la Casa Militar) y Marcelo Papandrea (Presidente de AYSA). Se sumaron a la lista el director de control Pesquero, Juli\u00e1n Su\u00e1rez; el coordinador general de Canciller\u00eda, Pablo Ferrara; el subsecretario de Empleo P\u00fablico, Ricardo Bocacci y el director de la Televisi\u00f3n P\u00fablica, Juan Parodi.<\/p>\n<p>Adem\u00e1s, abandonaron sus cargos fueron el jefe de Gabinete del Ministerio de Justicia, Diego Guerendiain; el jefe de Gabinete del ministerio de Defensa, Carlos Becker Fioretti; el subsecretario de Asuntos Internacionales en la secretar\u00eda de Derechos Humanos, Mathias Valdez Duffau; el presidente del Bice, Juan Manuel Troncoso y la Directora General de Aduanas, Rosana Ludovico. Adem\u00e1s, renunciaron a sus cargos Guillermo Abdala Bertiche (Director Nacional de Acuicultura), Geraldine Calvella (Direcci\u00f3n de Fiscalizaci\u00f3n de Centro de Documentaci\u00f3n del Registro Nacional de Personas (Renaper), Nicol\u00e1s Striglio (Gerente de Control Econ\u00f3mico y Financiero de la Superintendencia de Salud), Daniel Ib\u00e1\u00f1ez (Subsecretario de la peque\u00f1a y mediana empresa).<\/p>\n<p>A estos se suman Andres Scarsi (secretario de Acceso y Equidad en Salud); Silvia Prieri (jefatura de Gabinete del ministerio de Salud); Hern\u00e1n Seoane (subsecretario de Planificaci\u00f3n y Programaci\u00f3n Sanitaria del ministerio de Salud); Federico Pedernera (subsecretar\u00eda de Vigilancia Epidemiol\u00f3gica, Informaci\u00f3n y Estad\u00edsticas de Salud); Gustavo Panera (Secretario de Gesti\u00f3n Administrativa); Sergio Falzone (Subsecretario de Energ\u00eda); Pedro Vigneau (Subsecretario de Fortalecimiento productivo y sustentable); Germ\u00e1n Di Bella (Subsecretario de Agricultura); Eduardo Cerda (Director de Agroecolog\u00eda de la secretaria de Agroindustria).<\/p>\n<p>Finalmente I\u00f1aki Guti\u00e9rrez, quien fuera el encargado de las redes sociales durante los primeros d\u00edas de la gesti\u00f3n, qued\u00f3 relegado al manejo del TikTok de Milei, luego de que postearon en la cuenta oficial de Casa Rosada una foto con su novia con la frase \u201cFeliz 2024 a todos\u201d.<\/p>\n","protected":false},"excerpt":{"rendered":"<p>El Ejecutivo nacional registra una alt\u00edsima tasa de renuncias y despidos, signo inequ\u00edvoco de inestabilidad dentro de la gesti\u00f3n y de la falta de pericia en el manejo pol\u00edtico, que una nueva crisis con la canciller Mondino vuelve a poner en evidencia &nbsp; &nbsp; Un total de 82 funcionarios, entre ministros, secretarios, subsecretarios y directores, abandonaron sus cargos y quedaron afuera del Gobierno durante los primeros seis meses de la presidencia de Javier Milei, quien adelant\u00f3 que todo su gabinete est\u00e1 \u201cbajo an\u00e1lisis\u201d seg\u00fan el resultado del debate en la&#8230;<\/p>\n","protected":false},"author":3,"featured_media":115865,"comment_status":"closed","ping_status":"closed","sticky":false,"template":"","format":"standard","meta":[],"categories":[9],"tags":[],"_links":{"self":[{"href":"https:\/\/www.actualidadadiario.com\/index.php\/wp-json\/wp\/v2\/posts\/115864"}],"collection":[{"href":"https:\/\/www.actualidadadiario.com\/index.php\/wp-json\/wp\/v2\/posts"}],"about":[{"href":"https:\/\/www.actualidadadiario.com\/index.php\/wp-json\/wp\/v2\/types\/post"}],"author":[{"embeddable":true,"href":"https:\/\/www.actualidadadiario.com\/index.php\/wp-json\/wp\/v2\/users\/3"}],"replies":[{"embeddable":true,"href":"https:\/\/www.actualidadadiario.com\/index.php\/wp-json\/wp\/v2\/comments?post=115864"}],"version-history":[{"count":1,"href":"https:\/\/www.actualidadadiario.com\/index.php\/wp-json\/wp\/v2\/posts\/115864\/revisions"}],"predecessor-version":[{"id":115866,"href":"https:\/\/www.actualidadadiario.com\/index.php\/wp-json\/wp\/v2\/posts\/115864\/revisions\/115866"}],"wp:featuredmedia":[{"embeddable":true,"href":"https:\/\/www.actualidadadiario.com\/index.php\/wp-json\/wp\/v2\/media\/115865"}],"wp:attachment":[{"href":"https:\/\/www.actualidadadiario.com\/index.php\/wp-json\/wp\/v2\/media?parent=115864"}],"wp:term":[{"taxonomy":"category","embeddable":true,"href":"https:\/\/www.actualidadadiario.com\/index.php\/wp-json\/wp\/v2\/categories?post=115864"},{"taxonomy":"post_tag","embeddable":true,"href":"https:\/\/www.actualidadadiario.com\/index.php\/wp-json\/wp\/v2\/tags?post=115864"}],"curies":[{"name":"wp","href":"https:\/\/api.w.org\/{rel}","templated":true}]}}