{"id":115859,"date":"2024-06-10T10:51:38","date_gmt":"2024-06-10T13:51:38","guid":{"rendered":"https:\/\/www.actualidadadiario.com\/?p=115859"},"modified":"2024-06-10T10:51:38","modified_gmt":"2024-06-10T13:51:38","slug":"el-indec-revela-la-inflacion-de-mayo-que-estaria-en-el-menor-nivel-de-los-ultimos-dos-anos","status":"publish","type":"post","link":"https:\/\/www.actualidadadiario.com\/index.php\/2024\/06\/10\/el-indec-revela-la-inflacion-de-mayo-que-estaria-en-el-menor-nivel-de-los-ultimos-dos-anos\/","title":{"rendered":"El INDEC revela la inflaci\u00f3n de mayo que estar\u00eda en el menor nivel de los \u00faltimos dos a\u00f1os"},"content":{"rendered":"<p style=\"text-align: center;\"><em><strong>Los relevamientos privados estiman que el IPC del quinto mes del a\u00f1o estar\u00e1 en torno al 5%<\/strong><\/em><\/p>\n<p>&nbsp;<\/p>\n<p>&nbsp;<\/p>\n<p>El Instituto Nacional de Estad\u00edstica y Censos (INDEC) dar\u00e1 a conocer este jueves 13 de junio el \u00cdndice de Precios al Consumidor (IPC) de mayo, que de acuerdo a la expectativa gubernamental y las estimaciones privadas estar\u00eda en el menor nivel de los \u00faltimos dos a\u00f1os, ubic\u00e1ndose en torno al 5%.<\/p>\n<p>Tras haber ca\u00eddo por debajo de las dos cifras despu\u00e9s de cinco meses consecutivos en abril, al cerrar en 8,8%, el \u00edndice inflacionario continuar\u00eda reflejando el descenso en la variaci\u00f3n de precios de las \u00faltimas semanas en la medici\u00f3n de mayo. De esta manera ser\u00eda el quinto mes consecutivo de retroceso del IPC respecto al indicador previo.<\/p>\n<p>El Relevamiento de Expectativas de Mercado (REM), que elabora el Banco Central en base a las estimaciones privadas, calcul\u00f3 que la inflaci\u00f3n de mayo alcanz\u00f3 el 5,2% y proyect\u00f3 para el a\u00f1o un aumento de precios del 146,4%, lo que representa una importante ca\u00edda frente al 161,3% pronosticado el mes pasado.<\/p>\n<p>A finales de la \u00faltima semana se public\u00f3 el indicador oficial de la inflaci\u00f3n en la Ciudad de Buenos Aires, que suele tenerse en cuenta como anticipo del dato nacional, registrando un incremento de 4,4% en mayo, el porcentaje m\u00e1s bajo desde febrero de 2022, y acumul\u00f3 una suba del 280,9% en los \u00faltimos 12 meses.<\/p>\n<p>Las mediciones privadas, por su parte, rondan entre el 4,3% y el 5%. El IPC de la Fundaci\u00f3n Libertad y Progreso arroj\u00f3 un aumento de 4,3% en mayo, y la variaci\u00f3n interanual alcanza el 276,9%, mostrando la primera desaceleraci\u00f3n en 10 meses.<\/p>\n<p>La inflaci\u00f3n n\u00facleo, por su parte, se ubic\u00f3 en el 4,8%, manteniendo la tendencia del mes anterior. En tanto que los precios regulados presentaron una suba del 4,0%, desaceleraci\u00f3n que se explica m\u00e1s que nada por la postergaci\u00f3n de los aumentos en electricidad, gas y combustibles.<\/p>\n<p>Desde EcoGo, se\u00f1alaron que la inflaci\u00f3n de mayo se ubicar\u00eda\u00a0 en el 4,8% mensual. De esta manera, ser\u00eda el mejor dato mensual en m\u00e1s de dos a\u00f1os, desde enero del 2022 (3,8%). En el caso de Orlando J. Ferreres, el IPC arroj\u00f3 una variaci\u00f3n del 4,6% para el quinto mes de a\u00f1o y un 279,7% de forma interanual, lo que implicar\u00eda una ca\u00edda de 10 puntos respecto a abril en este \u00faltimo indicador.<\/p>\n<p>La consultora C&amp;T, en tanto, revel\u00f3 que en mayo hubo un aumento de precios para el Gran Buenos Aires del 4,6%, el menor desde abril de 2022. Mientras que desde Econviews, estimaron que la inflaci\u00f3n en el mes pasado alcanz\u00f3 un 4,7%.<\/p>\n<p>La firma dirigida por Mar\u00eda Castiglioni y Camilo Tiscornia coincidi\u00f3 tambi\u00e9n en que \u201cla menor variaci\u00f3n mensual se debi\u00f3 a la decisi\u00f3n del gobierno de acotar los ajustes de servicios p\u00fablicos (con la excepci\u00f3n de los trenes), pero tambi\u00e9n tuvo que ver con que la inflaci\u00f3n n\u00facleo, que deja de lado dichos servicios y los productos estacionales, cay\u00f3 a apenas el 2,5%, una tasa que no se registra desde 2020, en plena pandemia\u201d.<\/p>\n","protected":false},"excerpt":{"rendered":"<p>Los relevamientos privados estiman que el IPC del quinto mes del a\u00f1o estar\u00e1 en torno al 5% &nbsp; &nbsp; El Instituto Nacional de Estad\u00edstica y Censos (INDEC) dar\u00e1 a conocer este jueves 13 de junio el \u00cdndice de Precios al Consumidor (IPC) de mayo, que de acuerdo a la expectativa gubernamental y las estimaciones privadas estar\u00eda en el menor nivel de los \u00faltimos dos a\u00f1os, ubic\u00e1ndose en torno al 5%. Tras haber ca\u00eddo por debajo de las dos cifras despu\u00e9s de cinco meses consecutivos en abril, al cerrar en 8,8%,&#8230;<\/p>\n","protected":false},"author":3,"featured_media":104540,"comment_status":"closed","ping_status":"closed","sticky":false,"template":"","format":"standard","meta":[],"categories":[2],"tags":[],"_links":{"self":[{"href":"https:\/\/www.actualidadadiario.com\/index.php\/wp-json\/wp\/v2\/posts\/115859"}],"collection":[{"href":"https:\/\/www.actualidadadiario.com\/index.php\/wp-json\/wp\/v2\/posts"}],"about":[{"href":"https:\/\/www.actualidadadiario.com\/index.php\/wp-json\/wp\/v2\/types\/post"}],"author":[{"embeddable":true,"href":"https:\/\/www.actualidadadiario.com\/index.php\/wp-json\/wp\/v2\/users\/3"}],"replies":[{"embeddable":true,"href":"https:\/\/www.actualidadadiario.com\/index.php\/wp-json\/wp\/v2\/comments?post=115859"}],"version-history":[{"count":1,"href":"https:\/\/www.actualidadadiario.com\/index.php\/wp-json\/wp\/v2\/posts\/115859\/revisions"}],"predecessor-version":[{"id":115860,"href":"https:\/\/www.actualidadadiario.com\/index.php\/wp-json\/wp\/v2\/posts\/115859\/revisions\/115860"}],"wp:featuredmedia":[{"embeddable":true,"href":"https:\/\/www.actualidadadiario.com\/index.php\/wp-json\/wp\/v2\/media\/104540"}],"wp:attachment":[{"href":"https:\/\/www.actualidadadiario.com\/index.php\/wp-json\/wp\/v2\/media?parent=115859"}],"wp:term":[{"taxonomy":"category","embeddable":true,"href":"https:\/\/www.actualidadadiario.com\/index.php\/wp-json\/wp\/v2\/categories?post=115859"},{"taxonomy":"post_tag","embeddable":true,"href":"https:\/\/www.actualidadadiario.com\/index.php\/wp-json\/wp\/v2\/tags?post=115859"}],"curies":[{"name":"wp","href":"https:\/\/api.w.org\/{rel}","templated":true}]}}