{"id":115857,"date":"2024-06-10T10:50:59","date_gmt":"2024-06-10T13:50:59","guid":{"rendered":"https:\/\/www.actualidadadiario.com\/?p=115857"},"modified":"2024-06-10T10:50:59","modified_gmt":"2024-06-10T13:50:59","slug":"alerta-meteorologica-hoy-por-viento-fuerte-dos-provincias-afectadas","status":"publish","type":"post","link":"https:\/\/www.actualidadadiario.com\/index.php\/2024\/06\/10\/alerta-meteorologica-hoy-por-viento-fuerte-dos-provincias-afectadas\/","title":{"rendered":"Alerta meteorol\u00f3gica hoy por viento fuerte: dos provincias afectadas"},"content":{"rendered":"<p style=\"text-align: center;\"><em><strong>El Servicio Meteorol\u00f3gico Nacional manten\u00eda para este lunes advertencias por viento fuerte en algunas zonas del pa\u00eds<\/strong><\/em><\/p>\n<p>&nbsp;<\/p>\n<p>&nbsp;<\/p>\n<p>Se viene un inicio de semana con complicaciones con el clima en algunas zonas del pa\u00eds, para las que el Servicio Meteorol\u00f3gico Nacional (SMN) manten\u00eda para este lunes alertas por viento fuerte.<\/p>\n<p>Se trata tambi\u00e9n de un alerta amarillo que afecta a zonas cordilleranas de las provincias de La Rioja y San Juan.<\/p>\n<p>&nbsp;<\/p>\n<p><strong>Alerta amarillo por viento fuerte<\/strong><\/p>\n<p>De acuerdo con el reporte del SMN, \u201cel \u00e1rea ser\u00e1 afectada por vientos del noroeste con velocidades entre 50 y 70 km\/h, con r\u00e1fagas que pueden superar los 110 km\/h, especialmente en alta cordillera\u201d.<\/p>\n<p>&nbsp;<\/p>\n<p><strong>Recomendaciones del SMN por viento fuerte<\/strong><\/p>\n<ul>\n<li>Evit\u00e1 actividades al aire libre.<\/li>\n<li>Asegur\u00e1 los elementos que puedan volarse.<\/li>\n<li>Mantenete informado por autoridades.<\/li>\n<li>Ten\u00e9 siempre lista una mochila de emergencias con linterna, radio, documentos y tel\u00e9fono.<\/li>\n<\/ul>\n","protected":false},"excerpt":{"rendered":"<p>El Servicio Meteorol\u00f3gico Nacional manten\u00eda para este lunes advertencias por viento fuerte en algunas zonas del pa\u00eds &nbsp; &nbsp; Se viene un inicio de semana con complicaciones con el clima en algunas zonas del pa\u00eds, para las que el Servicio Meteorol\u00f3gico Nacional (SMN) manten\u00eda para este lunes alertas por viento fuerte. Se trata tambi\u00e9n de un alerta amarillo que afecta a zonas cordilleranas de las provincias de La Rioja y San Juan. &nbsp; Alerta amarillo por viento fuerte De acuerdo con el reporte del SMN, \u201cel \u00e1rea ser\u00e1 afectada por&#8230;<\/p>\n","protected":false},"author":3,"featured_media":100507,"comment_status":"closed","ping_status":"closed","sticky":false,"template":"","format":"standard","meta":[],"categories":[2],"tags":[],"_links":{"self":[{"href":"https:\/\/www.actualidadadiario.com\/index.php\/wp-json\/wp\/v2\/posts\/115857"}],"collection":[{"href":"https:\/\/www.actualidadadiario.com\/index.php\/wp-json\/wp\/v2\/posts"}],"about":[{"href":"https:\/\/www.actualidadadiario.com\/index.php\/wp-json\/wp\/v2\/types\/post"}],"author":[{"embeddable":true,"href":"https:\/\/www.actualidadadiario.com\/index.php\/wp-json\/wp\/v2\/users\/3"}],"replies":[{"embeddable":true,"href":"https:\/\/www.actualidadadiario.com\/index.php\/wp-json\/wp\/v2\/comments?post=115857"}],"version-history":[{"count":1,"href":"https:\/\/www.actualidadadiario.com\/index.php\/wp-json\/wp\/v2\/posts\/115857\/revisions"}],"predecessor-version":[{"id":115858,"href":"https:\/\/www.actualidadadiario.com\/index.php\/wp-json\/wp\/v2\/posts\/115857\/revisions\/115858"}],"wp:featuredmedia":[{"embeddable":true,"href":"https:\/\/www.actualidadadiario.com\/index.php\/wp-json\/wp\/v2\/media\/100507"}],"wp:attachment":[{"href":"https:\/\/www.actualidadadiario.com\/index.php\/wp-json\/wp\/v2\/media?parent=115857"}],"wp:term":[{"taxonomy":"category","embeddable":true,"href":"https:\/\/www.actualidadadiario.com\/index.php\/wp-json\/wp\/v2\/categories?post=115857"},{"taxonomy":"post_tag","embeddable":true,"href":"https:\/\/www.actualidadadiario.com\/index.php\/wp-json\/wp\/v2\/tags?post=115857"}],"curies":[{"name":"wp","href":"https:\/\/api.w.org\/{rel}","templated":true}]}}