{"id":115847,"date":"2024-06-10T10:47:55","date_gmt":"2024-06-10T13:47:55","guid":{"rendered":"https:\/\/www.actualidadadiario.com\/?p=115847"},"modified":"2024-06-10T10:47:55","modified_gmt":"2024-06-10T13:47:55","slug":"los-heroes-de-malvinas-ya-tienen-su-monumento-que-los-homenajea-en-la-patagonia","status":"publish","type":"post","link":"https:\/\/www.actualidadadiario.com\/index.php\/2024\/06\/10\/los-heroes-de-malvinas-ya-tienen-su-monumento-que-los-homenajea-en-la-patagonia\/","title":{"rendered":"Los H\u00e9roes de Malvinas ya tienen su monumento que los homenajea en la Patagonia"},"content":{"rendered":"<p style=\"text-align: center;\"><em><strong>La estructura tiene 17 metros de largo y pesa 20 toneladas<\/strong><\/em><\/p>\n<p>&nbsp;<\/p>\n<p>&nbsp;<\/p>\n<p>Acaba de inaugurarse en la Patagonia el monumento m\u00e1s alto que jam\u00e1s haya existido en homenaje a los soldados argentinos que combatieron en la Guerra de Malvinas ante Reino Unido en 1982: su estructura pesa 20 toneladas y la estatura tiene 15 metros de altura, pero si se le suma el pedestal llega a los 17 metros.<\/p>\n<p>Este impresionante monumento se inaugur\u00f3 el 9 de junio en la Zapala, provincia de Neuqu\u00e9n, y al acto asistieron excombatientes de Malvinas junto a sus familias y seres queridos, adem\u00e1s de los vecinos que se acercaron en gran n\u00famero a rendir homenaje a estos h\u00e9roes de Malvinas, autoridades locales y provinciales.<\/p>\n<p>La escultura puntualmente est\u00e1 ubicada en las cercan\u00edas de la Ruta 14 y el Acceso Fortabat de la ciudad de Zapala y muestra al soldado argentino como gran protagonista, apoyando una rodilla al suelo y portando la bandera nacional en su mano derecha.<\/p>\n<p>Durante el acto de inauguraci\u00f3n Jorge Esteban Bustos, presidente de la Asociaci\u00f3n Civil de Veteranos de Guerra de Malvinas, Zona Centro Neuqu\u00e9n, brind\u00f3 un discurso muy emotivo y estas fueron sus principales palabras: \u201cEste soldado encarna y simboliza al soldado que pis\u00f3 los campos de combate desde los albores de la patria hasta 1982. Simboliza a todos los que dieron su vida por la patria en Malvinas. Este soldado encarna la entrega, el sacrificio y la valent\u00eda de quienes pudimos regresar, y a quienes regresaron con heridas y mutilaciones de gravedad. Desde hoy, todos los veteranos de guerra tendremos un espejo donde mirarnos\u201d.<\/p>\n<p>Esta obra fue creada por el escultor neuquino Aldo Beroisa, que tambi\u00e9n cuenta con una plaza seca que rodea la escultura en la que hay una ermita de la Virgen de Luj\u00e1n, comenz\u00f3 a construirse en junio de 2022 y qued\u00f3 lista est\u00e9 lista el domingo 9 de junio, por lo que en total demand\u00f3 dos a\u00f1os de trabajo.<\/p>\n<p>Tambi\u00e9n estuvo presente el excombatiente Carlos Moraga de Trelew, Chubut, quien asegur\u00f3: \u201cEstamos emocionados con el Monumento al Soldado, porque la verdad que qued\u00f3 hermoso. Vinimos con siete ex combatientes del Regimiento de Infanter\u00eda 25 Sarmiento\u201d. Carlos Panozzo, secretario general del Centro de Veteranos de Guerra de Bah\u00eda Blanca, cont\u00f3 que \u201cel viaje largo vali\u00f3 la pena para ver este hermoso monumento. Todo Zapala nos recibi\u00f3 con los brazos abiertos. Agradecemos por todo, hermosa ciudad y hermoso Monumento\u201d.<\/p>\n<p>Beroisa estuvo presente en la inauguraci\u00f3n y se emocion\u00f3 hasta las l\u00e1grimas junto a los excombatientes; adem\u00e1s destac\u00f3 \u201cel sacrificio que implic\u00f3\u201d hacer este monumento que \u201cahora disfrutar\u00e1n las generaciones futuras\u201d.<\/p>\n<p>Para finalizar cabe destacar que hoy 10 de junio se conmemora el 193\u00ba aniversario de la creaci\u00f3n de la Comandancia Pol\u00edtica y Militar de las Islas Malvinas y adyacentes al Cabo de Hornos, cuando se design\u00f3 a Luis Vernet como primer gobernador, en 1829.<\/p>\n","protected":false},"excerpt":{"rendered":"<p>La estructura tiene 17 metros de largo y pesa 20 toneladas &nbsp; &nbsp; Acaba de inaugurarse en la Patagonia el monumento m\u00e1s alto que jam\u00e1s haya existido en homenaje a los soldados argentinos que combatieron en la Guerra de Malvinas ante Reino Unido en 1982: su estructura pesa 20 toneladas y la estatura tiene 15 metros de altura, pero si se le suma el pedestal llega a los 17 metros. Este impresionante monumento se inaugur\u00f3 el 9 de junio en la Zapala, provincia de Neuqu\u00e9n, y al acto asistieron excombatientes&#8230;<\/p>\n","protected":false},"author":3,"featured_media":115848,"comment_status":"closed","ping_status":"closed","sticky":false,"template":"","format":"standard","meta":[],"categories":[2],"tags":[],"_links":{"self":[{"href":"https:\/\/www.actualidadadiario.com\/index.php\/wp-json\/wp\/v2\/posts\/115847"}],"collection":[{"href":"https:\/\/www.actualidadadiario.com\/index.php\/wp-json\/wp\/v2\/posts"}],"about":[{"href":"https:\/\/www.actualidadadiario.com\/index.php\/wp-json\/wp\/v2\/types\/post"}],"author":[{"embeddable":true,"href":"https:\/\/www.actualidadadiario.com\/index.php\/wp-json\/wp\/v2\/users\/3"}],"replies":[{"embeddable":true,"href":"https:\/\/www.actualidadadiario.com\/index.php\/wp-json\/wp\/v2\/comments?post=115847"}],"version-history":[{"count":1,"href":"https:\/\/www.actualidadadiario.com\/index.php\/wp-json\/wp\/v2\/posts\/115847\/revisions"}],"predecessor-version":[{"id":115849,"href":"https:\/\/www.actualidadadiario.com\/index.php\/wp-json\/wp\/v2\/posts\/115847\/revisions\/115849"}],"wp:featuredmedia":[{"embeddable":true,"href":"https:\/\/www.actualidadadiario.com\/index.php\/wp-json\/wp\/v2\/media\/115848"}],"wp:attachment":[{"href":"https:\/\/www.actualidadadiario.com\/index.php\/wp-json\/wp\/v2\/media?parent=115847"}],"wp:term":[{"taxonomy":"category","embeddable":true,"href":"https:\/\/www.actualidadadiario.com\/index.php\/wp-json\/wp\/v2\/categories?post=115847"},{"taxonomy":"post_tag","embeddable":true,"href":"https:\/\/www.actualidadadiario.com\/index.php\/wp-json\/wp\/v2\/tags?post=115847"}],"curies":[{"name":"wp","href":"https:\/\/api.w.org\/{rel}","templated":true}]}}