{"id":115838,"date":"2024-06-10T10:05:41","date_gmt":"2024-06-10T13:05:41","guid":{"rendered":"https:\/\/www.actualidadadiario.com\/?p=115838"},"modified":"2024-06-10T10:05:41","modified_gmt":"2024-06-10T13:05:41","slug":"este-martes-se-realizaran-las-audiencias-publicas-para-cubrir-los-cargos-directivos-del-consejo-general-de-educacion","status":"publish","type":"post","link":"https:\/\/www.actualidadadiario.com\/index.php\/2024\/06\/10\/este-martes-se-realizaran-las-audiencias-publicas-para-cubrir-los-cargos-directivos-del-consejo-general-de-educacion\/","title":{"rendered":"Este martes se realizar\u00e1n las audiencias p\u00fablicas para cubrir los cargos directivos del Consejo General de Educaci\u00f3n"},"content":{"rendered":"<p style=\"text-align: center;\"><em><strong>Este martes se llevar\u00e1n a cabo las audiencias p\u00fablicas a quienes fueron propuestos por el Ejecutivo para ocupar los cargos directivos del CGE. Se presentaron impugnaciones contra las cuatro designaciones, pero el foco se pos\u00f3 sobre el candidato a vocal Adolfo Laumann<\/strong><\/em><\/p>\n<p>&nbsp;<\/p>\n<p>&nbsp;<\/p>\n<p>Tras los pasos administrativos correspondientes dados por la Comisi\u00f3n de Asuntos Constitucionales y Acuerdos de la C\u00e1mara de Senadores, se defini\u00f3 que este martes 11 de junio a las 9 comenzar\u00e1n a desarrollarse las audiencias p\u00fablicas a quienes fueron propuestos para ocupar cargos que requieren del Acuerdo Constitucional respondan a los requerimientos de los legisladores.<\/p>\n<p>Se trata del pliego de la titular del organismo, Alicia Fregonese, y de los vocales Carla Soledad Dur\u00e9, Santiago Sergio Adolfo Laumann y Elsa Chapuis.<\/p>\n<p>Cabe recordar que durante todo el per\u00edodo de an\u00e1lisis de cada uno de los postulantes, se presentaron impugnaciones contra las cuatro designaciones, pero el foco se posa sobre el candidato a vocal Adolfo Laumann, a quien se acusa de negacionista.<\/p>\n<p>&nbsp;<\/p>\n<p><strong>Horarios de las audiencias<\/strong><\/p>\n<p>9 hs: Prof. Santiago Sergio Adolfo LAUMANN &#8211; Expediente N\u00ba 14.880-<\/p>\n<p>9:30: Prof. Elsa CHAPUIS &#8211; Expediente N\u00ba 14.878 &#8211;<\/p>\n<p>10 hs: Prof. Carla Soledad DUR\u00c9 \u2013 Expediente N\u00ba 14.879 &#8211;<\/p>\n<p>10:30 hs: Prof. Alicia Mar\u00eda FREGONESE \u2013 Expediente N\u00ba 14.877 \u2013<\/p>\n<p>&nbsp;<\/p>\n<p><strong>Cargo judicial<\/strong><\/p>\n<p>Tambi\u00e9n se realizar\u00e1 la Audiencia P\u00fablica a Carlos Federico Tepsich,\u00a0 propuesto para ocupar el cargo de Vocal de la Sala N\u00b02 en lo Civil y Comercial del Superior Tribunal de Justicia de la Provincia de Entre R\u00edos.<\/p>\n<p>La Audiencia P\u00fablica tendr\u00e1 lugar a las 11 hs (Expediente N\u00ba 14.905.<\/p>\n","protected":false},"excerpt":{"rendered":"<p>Este martes se llevar\u00e1n a cabo las audiencias p\u00fablicas a quienes fueron propuestos por el Ejecutivo para ocupar los cargos directivos del CGE. Se presentaron impugnaciones contra las cuatro designaciones, pero el foco se pos\u00f3 sobre el candidato a vocal Adolfo Laumann &nbsp; &nbsp; Tras los pasos administrativos correspondientes dados por la Comisi\u00f3n de Asuntos Constitucionales y Acuerdos de la C\u00e1mara de Senadores, se defini\u00f3 que este martes 11 de junio a las 9 comenzar\u00e1n a desarrollarse las audiencias p\u00fablicas a quienes fueron propuestos para ocupar cargos que requieren del&#8230;<\/p>\n","protected":false},"author":3,"featured_media":58212,"comment_status":"closed","ping_status":"closed","sticky":false,"template":"","format":"standard","meta":[],"categories":[15],"tags":[],"_links":{"self":[{"href":"https:\/\/www.actualidadadiario.com\/index.php\/wp-json\/wp\/v2\/posts\/115838"}],"collection":[{"href":"https:\/\/www.actualidadadiario.com\/index.php\/wp-json\/wp\/v2\/posts"}],"about":[{"href":"https:\/\/www.actualidadadiario.com\/index.php\/wp-json\/wp\/v2\/types\/post"}],"author":[{"embeddable":true,"href":"https:\/\/www.actualidadadiario.com\/index.php\/wp-json\/wp\/v2\/users\/3"}],"replies":[{"embeddable":true,"href":"https:\/\/www.actualidadadiario.com\/index.php\/wp-json\/wp\/v2\/comments?post=115838"}],"version-history":[{"count":1,"href":"https:\/\/www.actualidadadiario.com\/index.php\/wp-json\/wp\/v2\/posts\/115838\/revisions"}],"predecessor-version":[{"id":115839,"href":"https:\/\/www.actualidadadiario.com\/index.php\/wp-json\/wp\/v2\/posts\/115838\/revisions\/115839"}],"wp:featuredmedia":[{"embeddable":true,"href":"https:\/\/www.actualidadadiario.com\/index.php\/wp-json\/wp\/v2\/media\/58212"}],"wp:attachment":[{"href":"https:\/\/www.actualidadadiario.com\/index.php\/wp-json\/wp\/v2\/media?parent=115838"}],"wp:term":[{"taxonomy":"category","embeddable":true,"href":"https:\/\/www.actualidadadiario.com\/index.php\/wp-json\/wp\/v2\/categories?post=115838"},{"taxonomy":"post_tag","embeddable":true,"href":"https:\/\/www.actualidadadiario.com\/index.php\/wp-json\/wp\/v2\/tags?post=115838"}],"curies":[{"name":"wp","href":"https:\/\/api.w.org\/{rel}","templated":true}]}}