{"id":115836,"date":"2024-06-10T10:05:06","date_gmt":"2024-06-10T13:05:06","guid":{"rendered":"https:\/\/www.actualidadadiario.com\/?p=115836"},"modified":"2024-06-10T10:05:06","modified_gmt":"2024-06-10T13:05:06","slug":"anuncian-nuevo-repunte-del-calor-preven-29-en-entre-rios","status":"publish","type":"post","link":"https:\/\/www.actualidadadiario.com\/index.php\/2024\/06\/10\/anuncian-nuevo-repunte-del-calor-preven-29-en-entre-rios\/","title":{"rendered":"Anuncian nuevo repunte del calor: prev\u00e9n 29\u00b0 en Entre R\u00edos"},"content":{"rendered":"<p style=\"text-align: center;\"><em><strong>Si bien este lunes comienza con una ma\u00f1ana fresca, se espera un nuevo aumento de las temperaturas durante la semana en Entre R\u00edos<\/strong><\/em><\/p>\n<p>&nbsp;<\/p>\n<p>&nbsp;<\/p>\n<p>El calor ser\u00e1 protagonista nuevamente esta semana en Entre R\u00edos, a d\u00edas del invierno. El Servicio Meteorol\u00f3gico Nacional -SMN- anuncia un repunte de las temperaturas durante la semana. El mi\u00e9rcoles y el jueves ser\u00e1n los d\u00edas con t\u00e9rmicas m\u00e1s elevadas, de entre 28 y 29 grados.<\/p>\n<p>Este lunes comienza m\u00e1s fresco, con m\u00ednimas de entre 8 y 12 grados. De todos modos, para la tarde se superar\u00e1n los 20 grados. Luego, durante la semana comienza otro aumento gradual de las temperaturas y de la humedad, como sucedi\u00f3 la semana pasada.<\/p>\n<p>Reci\u00e9n para el fin de semana pr\u00f3ximo volver\u00edan a descender las temperaturas. Para el viernes no se descartan algunas lluvias, que provocar\u00edan un descenso de las t\u00e9rmicas de cara al s\u00e1bado y al domingo. De todos modos, no ser\u00eda fr\u00edo extremo el que se espera todav\u00eda.<\/p>\n<p>&nbsp;<\/p>\n<p><strong>Qu\u00e9 d\u00edas ser\u00e1n m\u00e1s calurosos<\/strong><\/p>\n<p>En Paran\u00e1, La Paz, Villaguay, Diamante y Nogoy\u00e1 pronostican para el mi\u00e9rcoles 12 de mayo una m\u00ednima de 19 grados y una m\u00e1xima de 28 grados.<\/p>\n<p>En Concordia, Federal, Federaci\u00f3n, Feliciano y San Salvador anuncian para el jueves 13 una m\u00ednima de 19 grados y una m\u00e1xima de 29 grados.<\/p>\n<p>En Concepci\u00f3n del Uruguay, Gualeguaych\u00fa, Islas del Ibicuy, Tala y Col\u00f3n esperan el jueves 13 una m\u00ednima de 19 grados y una m\u00e1xima de 27 grados.<\/p>\n<p>En Gualeguay y Victoria aguardan tambi\u00e9n el jueves 13 una temperatura m\u00ednima de 18 grados y una m\u00e1xima de 27 grados.<\/p>\n","protected":false},"excerpt":{"rendered":"<p>Si bien este lunes comienza con una ma\u00f1ana fresca, se espera un nuevo aumento de las temperaturas durante la semana en Entre R\u00edos &nbsp; &nbsp; El calor ser\u00e1 protagonista nuevamente esta semana en Entre R\u00edos, a d\u00edas del invierno. El Servicio Meteorol\u00f3gico Nacional -SMN- anuncia un repunte de las temperaturas durante la semana. El mi\u00e9rcoles y el jueves ser\u00e1n los d\u00edas con t\u00e9rmicas m\u00e1s elevadas, de entre 28 y 29 grados. Este lunes comienza m\u00e1s fresco, con m\u00ednimas de entre 8 y 12 grados. De todos modos, para la tarde&#8230;<\/p>\n","protected":false},"author":3,"featured_media":89008,"comment_status":"closed","ping_status":"closed","sticky":false,"template":"","format":"standard","meta":[],"categories":[15],"tags":[],"_links":{"self":[{"href":"https:\/\/www.actualidadadiario.com\/index.php\/wp-json\/wp\/v2\/posts\/115836"}],"collection":[{"href":"https:\/\/www.actualidadadiario.com\/index.php\/wp-json\/wp\/v2\/posts"}],"about":[{"href":"https:\/\/www.actualidadadiario.com\/index.php\/wp-json\/wp\/v2\/types\/post"}],"author":[{"embeddable":true,"href":"https:\/\/www.actualidadadiario.com\/index.php\/wp-json\/wp\/v2\/users\/3"}],"replies":[{"embeddable":true,"href":"https:\/\/www.actualidadadiario.com\/index.php\/wp-json\/wp\/v2\/comments?post=115836"}],"version-history":[{"count":1,"href":"https:\/\/www.actualidadadiario.com\/index.php\/wp-json\/wp\/v2\/posts\/115836\/revisions"}],"predecessor-version":[{"id":115837,"href":"https:\/\/www.actualidadadiario.com\/index.php\/wp-json\/wp\/v2\/posts\/115836\/revisions\/115837"}],"wp:featuredmedia":[{"embeddable":true,"href":"https:\/\/www.actualidadadiario.com\/index.php\/wp-json\/wp\/v2\/media\/89008"}],"wp:attachment":[{"href":"https:\/\/www.actualidadadiario.com\/index.php\/wp-json\/wp\/v2\/media?parent=115836"}],"wp:term":[{"taxonomy":"category","embeddable":true,"href":"https:\/\/www.actualidadadiario.com\/index.php\/wp-json\/wp\/v2\/categories?post=115836"},{"taxonomy":"post_tag","embeddable":true,"href":"https:\/\/www.actualidadadiario.com\/index.php\/wp-json\/wp\/v2\/tags?post=115836"}],"curies":[{"name":"wp","href":"https:\/\/api.w.org\/{rel}","templated":true}]}}