{"id":115834,"date":"2024-06-10T10:04:25","date_gmt":"2024-06-10T13:04:25","guid":{"rendered":"https:\/\/www.actualidadadiario.com\/?p=115834"},"modified":"2024-06-10T10:04:25","modified_gmt":"2024-06-10T13:04:25","slug":"el-iapv-analiza-soluciones-habitacionales-de-madera-para-nuevos-segmentos-sociales","status":"publish","type":"post","link":"https:\/\/www.actualidadadiario.com\/index.php\/2024\/06\/10\/el-iapv-analiza-soluciones-habitacionales-de-madera-para-nuevos-segmentos-sociales\/","title":{"rendered":"El IAPV analiza soluciones habitacionales de madera para nuevos segmentos sociales"},"content":{"rendered":"<p style=\"text-align: center;\"><em><strong>Para avanzar sobre las obras y proyectos de viviendas en Puerto Yeru\u00e1, el vocal del Instituto Aut\u00e1rquico de Planeamiento y Vivienda, An\u00edbal Steren mantuvo una reuni\u00f3n de trabajo con la senadora departamental Gloria Cozzi y\u00a0 el intendente municipal, Daniel Ben\u00edtez<\/strong><\/em><\/p>\n<p>&nbsp;<\/p>\n<p>&nbsp;<\/p>\n<p>Para avanzar sobre las obras y proyectos de viviendas en Puerto Yeru\u00e1, el vocal del Instituto Aut\u00e1rquico de Planeamiento y Vivienda, An\u00edbal Steren mantuvo una reuni\u00f3n de trabajo con la senadora departamental Gloria Cozzi y\u00a0 el intendente municipal, Daniel Ben\u00edtez.<\/p>\n<p>De la misma, participaron la coordinadora de municipios, comunas y juntas de gobierno del departamento Concordia, Silvina Fleitas y el director de la regional Salto Grande del IAPV, Alfonso Sa.<\/p>\n<p>Al respecto, Steren\u00a0 se\u00f1al\u00f3 que &#8220;hemos tenido una importante jornada de trabajo, donde expusimos la alternativa de viviendas de madera para esta regi\u00f3n y para un segmento social que lleva mucho tiempo postergado&#8221;.<\/p>\n<p>El funcionario indic\u00f3 que&#8221; durante la reuni\u00f3n se\u00a0 dialog\u00f3 sobre las\u00a0 pol\u00edticas habitacionales de viviendas de madera para la regi\u00f3n como manera de potenciar la industria maderera de la zona,\u00a0 y trabajar en la ejecuci\u00f3n de soluciones\u00a0 habitacionales para familias\u00a0 de bajos recursos&#8221;<\/p>\n<p>El encuentro sirvi\u00f3 propicio\u00a0 tambi\u00e9n para entregar a la senadora Cozzi, y el director de la regional Salto Grande del organismo, Alfonso Sa, y\u00a0 la coordinadora de municipios, comunas y juntas de gobierno del departamento Concordia, Silvina Fleitas, m\u00e1s de\u00a0\u00a0 de\u00a0 400 escrituras pertenecientes a beneficiarios\u00a0 de la ciudad de Concordia, quienes ser\u00e1n notificados de la posibilidad de retirar las mismas\u00a0 y cuyo\u00a0\u00a0 entrega se llevar\u00e1 adelante\u00a0 pr\u00f3ximamente en un acto organizado con las autoridades provinciales y municipales.<\/p>\n","protected":false},"excerpt":{"rendered":"<p>Para avanzar sobre las obras y proyectos de viviendas en Puerto Yeru\u00e1, el vocal del Instituto Aut\u00e1rquico de Planeamiento y Vivienda, An\u00edbal Steren mantuvo una reuni\u00f3n de trabajo con la senadora departamental Gloria Cozzi y\u00a0 el intendente municipal, Daniel Ben\u00edtez &nbsp; &nbsp; Para avanzar sobre las obras y proyectos de viviendas en Puerto Yeru\u00e1, el vocal del Instituto Aut\u00e1rquico de Planeamiento y Vivienda, An\u00edbal Steren mantuvo una reuni\u00f3n de trabajo con la senadora departamental Gloria Cozzi y\u00a0 el intendente municipal, Daniel Ben\u00edtez. De la misma, participaron la coordinadora de municipios,&#8230;<\/p>\n","protected":false},"author":3,"featured_media":77938,"comment_status":"closed","ping_status":"closed","sticky":false,"template":"","format":"standard","meta":[],"categories":[15],"tags":[],"_links":{"self":[{"href":"https:\/\/www.actualidadadiario.com\/index.php\/wp-json\/wp\/v2\/posts\/115834"}],"collection":[{"href":"https:\/\/www.actualidadadiario.com\/index.php\/wp-json\/wp\/v2\/posts"}],"about":[{"href":"https:\/\/www.actualidadadiario.com\/index.php\/wp-json\/wp\/v2\/types\/post"}],"author":[{"embeddable":true,"href":"https:\/\/www.actualidadadiario.com\/index.php\/wp-json\/wp\/v2\/users\/3"}],"replies":[{"embeddable":true,"href":"https:\/\/www.actualidadadiario.com\/index.php\/wp-json\/wp\/v2\/comments?post=115834"}],"version-history":[{"count":1,"href":"https:\/\/www.actualidadadiario.com\/index.php\/wp-json\/wp\/v2\/posts\/115834\/revisions"}],"predecessor-version":[{"id":115835,"href":"https:\/\/www.actualidadadiario.com\/index.php\/wp-json\/wp\/v2\/posts\/115834\/revisions\/115835"}],"wp:featuredmedia":[{"embeddable":true,"href":"https:\/\/www.actualidadadiario.com\/index.php\/wp-json\/wp\/v2\/media\/77938"}],"wp:attachment":[{"href":"https:\/\/www.actualidadadiario.com\/index.php\/wp-json\/wp\/v2\/media?parent=115834"}],"wp:term":[{"taxonomy":"category","embeddable":true,"href":"https:\/\/www.actualidadadiario.com\/index.php\/wp-json\/wp\/v2\/categories?post=115834"},{"taxonomy":"post_tag","embeddable":true,"href":"https:\/\/www.actualidadadiario.com\/index.php\/wp-json\/wp\/v2\/tags?post=115834"}],"curies":[{"name":"wp","href":"https:\/\/api.w.org\/{rel}","templated":true}]}}