{"id":115831,"date":"2024-06-10T10:02:48","date_gmt":"2024-06-10T13:02:48","guid":{"rendered":"https:\/\/www.actualidadadiario.com\/?p=115831"},"modified":"2024-06-10T10:02:48","modified_gmt":"2024-06-10T13:02:48","slug":"se-inicia-una-semana-intensiva-de-capacitaciones-a-rectores-y-vicerrectores-de-la-costa-del-uruguay","status":"publish","type":"post","link":"https:\/\/www.actualidadadiario.com\/index.php\/2024\/06\/10\/se-inicia-una-semana-intensiva-de-capacitaciones-a-rectores-y-vicerrectores-de-la-costa-del-uruguay\/","title":{"rendered":"Se inicia una semana intensiva de capacitaciones a rectores y vicerrectores de la costa del Uruguay"},"content":{"rendered":"<p style=\"text-align: center;\"><em><strong>Del 10 al 14 de junio, en el Colegio Mitre, de Concordia, se llevar\u00e1 a cabo una semana de formaci\u00f3n presencial para m\u00e1s de 80 rectores y vicerrectores de la regi\u00f3n.\u00a0 Los encuentros apuntan al\u00a0 fortalecimiento de habilidades de gesti\u00f3n estrat\u00e9gica y liderazgo pedag\u00f3gico<\/strong><\/em><\/p>\n<p>&nbsp;<\/p>\n<p>&nbsp;<\/p>\n<p>Esta iniciativa forma parte del programa Red de Escuelas que Transforman, impulsado por el Consejo General de Educaci\u00f3n (CGE) en alianza con las fundaciones Banco Entre R\u00edos y Grupo Petersen. Su objetivo es potenciar la calidad y la innovaci\u00f3n educativa en el nivel secundario de Entre R\u00edos.<\/p>\n<p>&#8220;Estamos\u00a0 proporcionando a los referentes de los equipos de conducci\u00f3n los conocimientos necesarios para fortalecer su rol en la comunidad educativa. Este esfuerzo conjunto, apoyado por diversos profesionales y expertos, refleja el compromiso de todos los involucrados en este proyecto para transformar la educaci\u00f3n secundaria&#8221;, remarc\u00f3 la presidente del CGE, Alicia Fregonese.<\/p>\n<p>&#8220;Necesitamos contar con directivos comprometidos y capacitados, capaces de liderar proyectos educativos integrales que preparen a los estudiantes para afrontar los desaf\u00edos del futuro&#8221;, agreg\u00f3 el director de educaci\u00f3n secundaria del CGE, Omar Osuna.<\/p>\n<p>Se\u00f1al\u00f3 que &#8220;estas jornadas de capacitaci\u00f3n, que inicialmente se llevaron a cabo en Paran\u00e1, se expanden ahora al resto de los departamentos, evidenciando el compromiso de llegar a toda la provincia&#8221;.<\/p>\n<p>Los encuentros se centrar\u00e1n en fortalecer el papel del directivo como l\u00edder del cambio, fomentando la colaboraci\u00f3n con el cuerpo docente para promover la innovaci\u00f3n educativa en el nivel.<\/p>\n<p>&#8220;Se reunir\u00e1n para trabajar en una comunidad de aprendizaje colaborativa diferentes tem\u00e1ticas, como el desarrollo de habilidades de liderazgo, la conformaci\u00f3n de equipos, la comunicaci\u00f3n efectiva, la toma de decisiones, la gesti\u00f3n de datos, la visi\u00f3n y estrategia, entre otras&#8221;, remarc\u00f3 la subdirectora de nivel secundario del CGE, Analia Perotti.<\/p>\n<p>Esta iniciativa cuenta adem\u00e1s con el respaldo de socios estrat\u00e9gicos como Molinos San Jos\u00e9, Fundaci\u00f3n Petropack, La Agr\u00edcola Regional (LAR), Matic Soluciones Educativas, Laboratorios Lafedar, Automotores MEGA y ENSA.<\/p>\n","protected":false},"excerpt":{"rendered":"<p>Del 10 al 14 de junio, en el Colegio Mitre, de Concordia, se llevar\u00e1 a cabo una semana de formaci\u00f3n presencial para m\u00e1s de 80 rectores y vicerrectores de la regi\u00f3n.\u00a0 Los encuentros apuntan al\u00a0 fortalecimiento de habilidades de gesti\u00f3n estrat\u00e9gica y liderazgo pedag\u00f3gico &nbsp; &nbsp; Esta iniciativa forma parte del programa Red de Escuelas que Transforman, impulsado por el Consejo General de Educaci\u00f3n (CGE) en alianza con las fundaciones Banco Entre R\u00edos y Grupo Petersen. Su objetivo es potenciar la calidad y la innovaci\u00f3n educativa en el nivel secundario&#8230;<\/p>\n","protected":false},"author":3,"featured_media":115832,"comment_status":"closed","ping_status":"closed","sticky":false,"template":"","format":"standard","meta":[],"categories":[15],"tags":[],"_links":{"self":[{"href":"https:\/\/www.actualidadadiario.com\/index.php\/wp-json\/wp\/v2\/posts\/115831"}],"collection":[{"href":"https:\/\/www.actualidadadiario.com\/index.php\/wp-json\/wp\/v2\/posts"}],"about":[{"href":"https:\/\/www.actualidadadiario.com\/index.php\/wp-json\/wp\/v2\/types\/post"}],"author":[{"embeddable":true,"href":"https:\/\/www.actualidadadiario.com\/index.php\/wp-json\/wp\/v2\/users\/3"}],"replies":[{"embeddable":true,"href":"https:\/\/www.actualidadadiario.com\/index.php\/wp-json\/wp\/v2\/comments?post=115831"}],"version-history":[{"count":1,"href":"https:\/\/www.actualidadadiario.com\/index.php\/wp-json\/wp\/v2\/posts\/115831\/revisions"}],"predecessor-version":[{"id":115833,"href":"https:\/\/www.actualidadadiario.com\/index.php\/wp-json\/wp\/v2\/posts\/115831\/revisions\/115833"}],"wp:featuredmedia":[{"embeddable":true,"href":"https:\/\/www.actualidadadiario.com\/index.php\/wp-json\/wp\/v2\/media\/115832"}],"wp:attachment":[{"href":"https:\/\/www.actualidadadiario.com\/index.php\/wp-json\/wp\/v2\/media?parent=115831"}],"wp:term":[{"taxonomy":"category","embeddable":true,"href":"https:\/\/www.actualidadadiario.com\/index.php\/wp-json\/wp\/v2\/categories?post=115831"},{"taxonomy":"post_tag","embeddable":true,"href":"https:\/\/www.actualidadadiario.com\/index.php\/wp-json\/wp\/v2\/tags?post=115831"}],"curies":[{"name":"wp","href":"https:\/\/api.w.org\/{rel}","templated":true}]}}