{"id":115828,"date":"2024-06-10T10:01:47","date_gmt":"2024-06-10T13:01:47","guid":{"rendered":"https:\/\/www.actualidadadiario.com\/?p=115828"},"modified":"2024-06-10T10:01:47","modified_gmt":"2024-06-10T13:01:47","slug":"mas-de-10-000-estudiantes-entrerrianos-accederan-al-curso-de-orientacion-vocacional-y-laboral-de-becas-progresar","status":"publish","type":"post","link":"https:\/\/www.actualidadadiario.com\/index.php\/2024\/06\/10\/mas-de-10-000-estudiantes-entrerrianos-accederan-al-curso-de-orientacion-vocacional-y-laboral-de-becas-progresar\/","title":{"rendered":"M\u00e1s de 10.000 estudiantes entrerrianos acceder\u00e1n al curso de orientaci\u00f3n vocacional y laboral de Becas Progresar"},"content":{"rendered":"<p style=\"text-align: center;\"><em><strong>Este 10 de junio se abre la inscripci\u00f3n al curso de Orientaci\u00f3n Vocacional y Laboral para la jurisdicci\u00f3n de Entre R\u00edos, del Reglamento Progresar para la l\u00ednea de nivel Obligatorio<\/strong><\/em><\/p>\n<p>&nbsp;<\/p>\n<p>&nbsp;<\/p>\n<p>El curso tiene como objetivo principal acompa\u00f1ar a los j\u00f3venes que est\u00e1n terminando sus estudios secundarios en el proceso de reflexi\u00f3n y toma de decisiones acerca de su futuro profesional. Se propone brindarles herramientas que faciliten su ingreso al nivel superior, mejoren sus perspectivas de inserci\u00f3n laboral o les permitan fortalecer su posici\u00f3n en el \u00e1mbito laboral.<\/p>\n<p>La participaci\u00f3n en este curso es obligatoria y forma parte de las actividades complementarias de la beca Progresar. Est\u00e1 dirigido a los becarios de 16, 17 y 18 a\u00f1os que est\u00e9n cursando la modalidad de educaci\u00f3n secundaria com\u00fan. El plazo de inscripci\u00f3n estar\u00e1 abierto hasta el 7 de julio.<\/p>\n<p>&#8220;Es importante que los estudiantes finalicen el curso para poder percibir el cobro completo de la beca; en caso de no realizarlo, se le suspender\u00e1 el pago de la beca durante dos per\u00edodos mensuales&#8221;, inform\u00f3 la directora de Informaci\u00f3n, Evaluaci\u00f3n y Planeamiento Educativo del CGE,\u00a0 Emilia Sosa Passarino.<\/p>\n<p>Y agreg\u00f3: &#8220;Los estudiantes seleccionados para realizar el curso est\u00e1n recibiendo desde Naci\u00f3n por e-mail la informaci\u00f3n necesaria, pero tambi\u00e9n pueden chequearlo ingresando a su plataforma Progresar, desde donde realizaron la inscripci\u00f3n&#8221;.<\/p>\n<p>En la provincia son 453 las escuelas secundarias seleccionadas y se estima que un total de 10.492 j\u00f3venes entrerrianos cumplen el requisito de edad por cada escuela.<\/p>\n<p>Se trata de un tramo formativo virtual, asincr\u00f3nico y autoasistido; tiene una duraci\u00f3n de cuatro semanas y consta de ocho m\u00f3dulos con actividades obligatorias y optativas.<\/p>\n<p>&#8220;Este programa es un fuerte dispositivo para acompa\u00f1ar a los estudiantes en su recorrido educativo, ofreciendo tambi\u00e9n respaldo financiero para facilitar la finalizaci\u00f3n de sus estudios secundarios y el ingreso a la educaci\u00f3n superior. Es una pol\u00edtica educativa de gran impacto para que nuestros j\u00f3venes puedan construir un futuro s\u00f3lido y prometedor&#8221;, remarc\u00f3 al respecto el director de nivel secundario, Omar Osuna.<\/p>\n<p>&nbsp;<\/p>\n<p><strong>Indicaciones generales para los becarios asignados<\/strong><\/p>\n<p>A partir de la fecha de inicio, deber\u00e1n acceder con el siguiente link<\/p>\n<p>https:\/\/orientacionvocacional.educar.gob.ar.<\/p>\n<p>Para iniciar sesi\u00f3n por primera vez, deber\u00e1n ingresar su n\u00famero de CUIL como usuario y su n\u00famero de DNI como contrase\u00f1a. Una vez dentro, se les solicitar\u00e1 crear una nueva contrase\u00f1a. Esta nueva contrase\u00f1a debe contener al menos 8 caracteres, incluyendo al menos un n\u00famero, una letra min\u00fascula, una letra may\u00fascula y un car\u00e1cter especial, como *, -, o #.<\/p>\n<p>Al finalizar el per\u00edodo de duraci\u00f3n del curso, el acceso al aula se deshabilitar\u00e1 y no se podr\u00e1 volver a ingresar.<\/p>\n<p>&nbsp;<\/p>\n<p><strong>Para m\u00e1s informaci\u00f3n<\/strong><\/p>\n<p>https:\/\/www.argentina.gob.ar\/curso-de-orientacion-vocacional-y-laboral<\/p>\n","protected":false},"excerpt":{"rendered":"<p>Este 10 de junio se abre la inscripci\u00f3n al curso de Orientaci\u00f3n Vocacional y Laboral para la jurisdicci\u00f3n de Entre R\u00edos, del Reglamento Progresar para la l\u00ednea de nivel Obligatorio &nbsp; &nbsp; El curso tiene como objetivo principal acompa\u00f1ar a los j\u00f3venes que est\u00e1n terminando sus estudios secundarios en el proceso de reflexi\u00f3n y toma de decisiones acerca de su futuro profesional. Se propone brindarles herramientas que faciliten su ingreso al nivel superior, mejoren sus perspectivas de inserci\u00f3n laboral o les permitan fortalecer su posici\u00f3n en el \u00e1mbito laboral. La&#8230;<\/p>\n","protected":false},"author":3,"featured_media":115829,"comment_status":"closed","ping_status":"closed","sticky":false,"template":"","format":"standard","meta":[],"categories":[9],"tags":[],"_links":{"self":[{"href":"https:\/\/www.actualidadadiario.com\/index.php\/wp-json\/wp\/v2\/posts\/115828"}],"collection":[{"href":"https:\/\/www.actualidadadiario.com\/index.php\/wp-json\/wp\/v2\/posts"}],"about":[{"href":"https:\/\/www.actualidadadiario.com\/index.php\/wp-json\/wp\/v2\/types\/post"}],"author":[{"embeddable":true,"href":"https:\/\/www.actualidadadiario.com\/index.php\/wp-json\/wp\/v2\/users\/3"}],"replies":[{"embeddable":true,"href":"https:\/\/www.actualidadadiario.com\/index.php\/wp-json\/wp\/v2\/comments?post=115828"}],"version-history":[{"count":1,"href":"https:\/\/www.actualidadadiario.com\/index.php\/wp-json\/wp\/v2\/posts\/115828\/revisions"}],"predecessor-version":[{"id":115830,"href":"https:\/\/www.actualidadadiario.com\/index.php\/wp-json\/wp\/v2\/posts\/115828\/revisions\/115830"}],"wp:featuredmedia":[{"embeddable":true,"href":"https:\/\/www.actualidadadiario.com\/index.php\/wp-json\/wp\/v2\/media\/115829"}],"wp:attachment":[{"href":"https:\/\/www.actualidadadiario.com\/index.php\/wp-json\/wp\/v2\/media?parent=115828"}],"wp:term":[{"taxonomy":"category","embeddable":true,"href":"https:\/\/www.actualidadadiario.com\/index.php\/wp-json\/wp\/v2\/categories?post=115828"},{"taxonomy":"post_tag","embeddable":true,"href":"https:\/\/www.actualidadadiario.com\/index.php\/wp-json\/wp\/v2\/tags?post=115828"}],"curies":[{"name":"wp","href":"https:\/\/api.w.org\/{rel}","templated":true}]}}