{"id":115825,"date":"2024-06-10T10:00:39","date_gmt":"2024-06-10T13:00:39","guid":{"rendered":"https:\/\/www.actualidadadiario.com\/?p=115825"},"modified":"2024-06-10T10:00:39","modified_gmt":"2024-06-10T13:00:39","slug":"en-federacion-se-proyecta-la-construccion-de-un-hotel-de-alta-gama-unico-en-el-pais","status":"publish","type":"post","link":"https:\/\/www.actualidadadiario.com\/index.php\/2024\/06\/10\/en-federacion-se-proyecta-la-construccion-de-un-hotel-de-alta-gama-unico-en-el-pais\/","title":{"rendered":"En Federaci\u00f3n se proyecta la construcci\u00f3n de un hotel de alta gama, \u00fanico en el pa\u00eds"},"content":{"rendered":"<p style=\"text-align: center;\"><em><strong>La ciudad de Federaci\u00f3n se prepara para un ambicioso proyecto que promete revolucionar el turismo en la regi\u00f3n. Se trata del nuevo emprendimiento hotelero \u00abElementum\u00bb, un hotel de alta gama que ofrecer\u00e1 servicios similares a los de los all inclusive<\/strong><\/em><\/p>\n<p>&nbsp;<\/p>\n<p>&nbsp;<\/p>\n<p>&nbsp;<\/p>\n<p>El viernes pasado, el Intendente Ricardo Bravo firm\u00f3 un convenio urban\u00edstico que permitir\u00e1 ejecutar esta obra en la zona norte de la ciudad.<\/p>\n<p>&nbsp;<\/p>\n<p><strong>Firma del convenio urban\u00edstico<\/strong><\/p>\n<p>El Presidente Municipal de Federaci\u00f3n, Ricardo Bravo, junto con los Secretarios de Obras, Luis Espil, y de Gobierno y Hacienda, Carlos Miller, sellaron el acuerdo con el empresario hotelero local Ariel Burna. La firma tuvo lugar la ma\u00f1ana del viernes 7 de junio y representa un hito significativo para la comunidad.<\/p>\n<p>Seg\u00fan lo indicado a 7Paginas, este convenio permitir\u00e1 a la comunidad recibir retribuciones destinadas a obras espec\u00edficas y de utilidad p\u00fablica, como la construcci\u00f3n de cordones cunetas y la pavimentaci\u00f3n de calles. Estas retribuciones est\u00e1n enmarcadas en el convenio que posibilita al empresario construir el nuevo hotel de alto nivel en la zona norte de Federaci\u00f3n.<\/p>\n<p>\u201cEl nuevo hotel permitir\u00e1 seguir posicionando a nuestra ciudad como uno de los principales destinos tur\u00edsticos del pa\u00eds\u201d, expres\u00f3 el Intendente Bravo. A\u00f1adi\u00f3 que, tras el an\u00e1lisis positivo de la Comisi\u00f3n Especial de Asesoramiento, Interpretaci\u00f3n, Aplicaci\u00f3n y Modificaci\u00f3n del C\u00f3digo de Planeamiento Urbano de Federaci\u00f3n, se procedi\u00f3 a realizar el convenio urban\u00edstico con el empresario Ariel Burna.<\/p>\n<p>&nbsp;<\/p>\n<p><strong>Proyecto \u00abElementum\u00bb<\/strong><\/p>\n<p>Cabe indicar que el proyecto \u00abElementum\u00bb contempla una construcci\u00f3n de 2.500 metros cuadrados en la zona norte de Federaci\u00f3n. Ariel Burna, quien inicialmente hab\u00eda propuesto un all inclusive en otro predio, explic\u00f3 que este tipo de establecimiento no se ajustaba a las normas del c\u00f3digo urbano local. Sin embargo, el convenio urban\u00edstico permite llevar adelante obras de caracter\u00edsticas espec\u00edficas bajo un marco de excepci\u00f3n.<\/p>\n<p>El Intendente Bravo destac\u00f3 la inversi\u00f3n que realizar\u00e1 Burna, especialmente en el actual contexto econ\u00f3mico del pa\u00eds. \u00abEsta obra generar\u00e1 m\u00e1s de 150 puestos de trabajo directos y posicionar\u00e1 a Federaci\u00f3n como un destino de turismo de excelencia e internacional\u00bb, subray\u00f3 Bravo.<\/p>\n<p>&nbsp;<\/p>\n<p><strong>Visi\u00f3n de Futuro<\/strong><\/p>\n<p>Carlos Miller, Secretario de Gobierno y Hacienda, resalt\u00f3 la importancia del convenio, indicando que formalizar este acuerdo con la familia Burna refuerza la visi\u00f3n de futuro de Federaci\u00f3n en t\u00e9rminos de desarrollo tur\u00edstico. Miller, quien fue Secretario de Turismo en la gesti\u00f3n anterior, record\u00f3 que el proyecto ya hab\u00eda sido objeto de debate en la comunidad y que su relocalizaci\u00f3n y posterior aprobaci\u00f3n por el Concejo Deliberante abrir\u00e1n las puertas para esta significativa inversi\u00f3n.<\/p>\n<p>&nbsp;<\/p>\n<p><strong>Un Hotel de Lujo<\/strong><\/p>\n<p>El empresario Ariel Burna describi\u00f3 el hotel como un establecimiento de cinco estrellas, aunque enfatiz\u00f3 que actualmente la clasificaci\u00f3n se basa m\u00e1s en los servicios ofrecidos que en las estrellas. \u00abElementum\u00bb contar\u00e1 con:<\/p>\n<p>Restaurantes de alta calidad. Un mini cine. \u00c1reas de juegos para diferentes edades. Instalaciones deportivas, incluyendo canchas de tenis, p\u00e1del y f\u00fatbol. Piscinas climatizadas y cubiertas. Saunas y cafeter\u00edas. Acceso al lago con un muelle para actividades acu\u00e1ticas<\/p>\n<p>Burna agreg\u00f3 que el hotel comenzar\u00e1 con 100 habitaciones, con posibilidad de expandirse a 140, representando aproximadamente 300 camas. Este proyecto no solo diversificar\u00e1 la oferta tur\u00edstica de Federaci\u00f3n, sino que tambi\u00e9n contribuir\u00e1 significativamente al desarrollo econ\u00f3mico y social de la comunidad.<\/p>\n<p>&nbsp;<\/p>\n<p><strong>Vanguardia<\/strong><\/p>\n<p>La construcci\u00f3n del hotel \u00abElementum\u00bb marca un antes y un despu\u00e9s en el desarrollo tur\u00edstico de Federaci\u00f3n. Este proyecto no solo atraer\u00e1 a turistas nacionales e internacionales, sino que tambi\u00e9n impulsar\u00e1 la econom\u00eda local y mejorar\u00e1 la infraestructura urbana, consolidando a Federaci\u00f3n como un destino de excelencia en Argentina.<\/p>\n","protected":false},"excerpt":{"rendered":"<p>La ciudad de Federaci\u00f3n se prepara para un ambicioso proyecto que promete revolucionar el turismo en la regi\u00f3n. Se trata del nuevo emprendimiento hotelero \u00abElementum\u00bb, un hotel de alta gama que ofrecer\u00e1 servicios similares a los de los all inclusive &nbsp; &nbsp; &nbsp; El viernes pasado, el Intendente Ricardo Bravo firm\u00f3 un convenio urban\u00edstico que permitir\u00e1 ejecutar esta obra en la zona norte de la ciudad. &nbsp; Firma del convenio urban\u00edstico El Presidente Municipal de Federaci\u00f3n, Ricardo Bravo, junto con los Secretarios de Obras, Luis Espil, y de Gobierno y&#8230;<\/p>\n","protected":false},"author":3,"featured_media":115826,"comment_status":"closed","ping_status":"closed","sticky":false,"template":"","format":"standard","meta":[],"categories":[15],"tags":[],"_links":{"self":[{"href":"https:\/\/www.actualidadadiario.com\/index.php\/wp-json\/wp\/v2\/posts\/115825"}],"collection":[{"href":"https:\/\/www.actualidadadiario.com\/index.php\/wp-json\/wp\/v2\/posts"}],"about":[{"href":"https:\/\/www.actualidadadiario.com\/index.php\/wp-json\/wp\/v2\/types\/post"}],"author":[{"embeddable":true,"href":"https:\/\/www.actualidadadiario.com\/index.php\/wp-json\/wp\/v2\/users\/3"}],"replies":[{"embeddable":true,"href":"https:\/\/www.actualidadadiario.com\/index.php\/wp-json\/wp\/v2\/comments?post=115825"}],"version-history":[{"count":1,"href":"https:\/\/www.actualidadadiario.com\/index.php\/wp-json\/wp\/v2\/posts\/115825\/revisions"}],"predecessor-version":[{"id":115827,"href":"https:\/\/www.actualidadadiario.com\/index.php\/wp-json\/wp\/v2\/posts\/115825\/revisions\/115827"}],"wp:featuredmedia":[{"embeddable":true,"href":"https:\/\/www.actualidadadiario.com\/index.php\/wp-json\/wp\/v2\/media\/115826"}],"wp:attachment":[{"href":"https:\/\/www.actualidadadiario.com\/index.php\/wp-json\/wp\/v2\/media?parent=115825"}],"wp:term":[{"taxonomy":"category","embeddable":true,"href":"https:\/\/www.actualidadadiario.com\/index.php\/wp-json\/wp\/v2\/categories?post=115825"},{"taxonomy":"post_tag","embeddable":true,"href":"https:\/\/www.actualidadadiario.com\/index.php\/wp-json\/wp\/v2\/tags?post=115825"}],"curies":[{"name":"wp","href":"https:\/\/api.w.org\/{rel}","templated":true}]}}