{"id":115822,"date":"2024-06-07T14:07:09","date_gmt":"2024-06-07T17:07:09","guid":{"rendered":"https:\/\/www.actualidadadiario.com\/?p=115822"},"modified":"2024-06-07T14:07:09","modified_gmt":"2024-06-07T17:07:09","slug":"la-torre-eiffel-luce-los-anillos-olimpicos-50-dias-antes-de-los-juegos-de-paris-2024","status":"publish","type":"post","link":"https:\/\/www.actualidadadiario.com\/index.php\/2024\/06\/07\/la-torre-eiffel-luce-los-anillos-olimpicos-50-dias-antes-de-los-juegos-de-paris-2024\/","title":{"rendered":"La Torre Eiffel luce los anillos ol\u00edmpicos 50 d\u00edas antes de los Juegos de Par\u00eds 2024"},"content":{"rendered":"<p style=\"text-align: center;\"><em><strong>El monumento ser\u00e1 el centro de atenci\u00f3n de los Juegos Ol\u00edmpicos, ya que las competiciones de voley playa se celebrar\u00e1n a los pies de la &#8220;Dama de Hierro&#8221;<\/strong><\/em><\/p>\n<p>&nbsp;<\/p>\n<p>&nbsp;<\/p>\n<p>Los organizadores de Par\u00eds 2024 desvelaron el viernes un despliegue de los anillos ol\u00edmpicos en la Torre Eiffel a 50 d\u00edas de los Juegos Ol\u00edmpicos de verano en la capital francesa.<\/p>\n<p>La construcci\u00f3n de 29 por 13 metros, hecha de acero reciclado, fue instalada en la cara sur del emblem\u00e1tico monumento parisino por unos 30 trabajadores, utilizando cuatro gr\u00faas.<\/p>\n<p>La Torre Eiffel ser\u00e1 el centro de atenci\u00f3n de los Juegos Ol\u00edmpicos, ya que las competiciones de voley playa se celebrar\u00e1n a los pies de la &#8220;Dama de Hierro&#8221;.<\/p>\n<p>Tambi\u00e9n se utilizaron trozos de acero extra\u00eddos de la Torre Eiffel para formar parte de las medallas de Par\u00eds 2024.<\/p>\n<p>Los Juegos Ol\u00edmpicos de Par\u00eds se celebrar\u00e1n del 26 de julio al 11 de agosto.<\/p>\n","protected":false},"excerpt":{"rendered":"<p>El monumento ser\u00e1 el centro de atenci\u00f3n de los Juegos Ol\u00edmpicos, ya que las competiciones de voley playa se celebrar\u00e1n a los pies de la &#8220;Dama de Hierro&#8221; &nbsp; &nbsp; Los organizadores de Par\u00eds 2024 desvelaron el viernes un despliegue de los anillos ol\u00edmpicos en la Torre Eiffel a 50 d\u00edas de los Juegos Ol\u00edmpicos de verano en la capital francesa. La construcci\u00f3n de 29 por 13 metros, hecha de acero reciclado, fue instalada en la cara sur del emblem\u00e1tico monumento parisino por unos 30 trabajadores, utilizando cuatro gr\u00faas. La&#8230;<\/p>\n","protected":false},"author":3,"featured_media":115823,"comment_status":"closed","ping_status":"closed","sticky":false,"template":"","format":"standard","meta":[],"categories":[4],"tags":[],"_links":{"self":[{"href":"https:\/\/www.actualidadadiario.com\/index.php\/wp-json\/wp\/v2\/posts\/115822"}],"collection":[{"href":"https:\/\/www.actualidadadiario.com\/index.php\/wp-json\/wp\/v2\/posts"}],"about":[{"href":"https:\/\/www.actualidadadiario.com\/index.php\/wp-json\/wp\/v2\/types\/post"}],"author":[{"embeddable":true,"href":"https:\/\/www.actualidadadiario.com\/index.php\/wp-json\/wp\/v2\/users\/3"}],"replies":[{"embeddable":true,"href":"https:\/\/www.actualidadadiario.com\/index.php\/wp-json\/wp\/v2\/comments?post=115822"}],"version-history":[{"count":1,"href":"https:\/\/www.actualidadadiario.com\/index.php\/wp-json\/wp\/v2\/posts\/115822\/revisions"}],"predecessor-version":[{"id":115824,"href":"https:\/\/www.actualidadadiario.com\/index.php\/wp-json\/wp\/v2\/posts\/115822\/revisions\/115824"}],"wp:featuredmedia":[{"embeddable":true,"href":"https:\/\/www.actualidadadiario.com\/index.php\/wp-json\/wp\/v2\/media\/115823"}],"wp:attachment":[{"href":"https:\/\/www.actualidadadiario.com\/index.php\/wp-json\/wp\/v2\/media?parent=115822"}],"wp:term":[{"taxonomy":"category","embeddable":true,"href":"https:\/\/www.actualidadadiario.com\/index.php\/wp-json\/wp\/v2\/categories?post=115822"},{"taxonomy":"post_tag","embeddable":true,"href":"https:\/\/www.actualidadadiario.com\/index.php\/wp-json\/wp\/v2\/tags?post=115822"}],"curies":[{"name":"wp","href":"https:\/\/api.w.org\/{rel}","templated":true}]}}