{"id":115819,"date":"2024-06-07T14:06:05","date_gmt":"2024-06-07T17:06:05","guid":{"rendered":"https:\/\/www.actualidadadiario.com\/?p=115819"},"modified":"2024-06-07T14:06:05","modified_gmt":"2024-06-07T17:06:05","slug":"historica-huelga-de-empleados-de-samsung-en-corea-del-sur","status":"publish","type":"post","link":"https:\/\/www.actualidadadiario.com\/index.php\/2024\/06\/07\/historica-huelga-de-empleados-de-samsung-en-corea-del-sur\/","title":{"rendered":"Hist\u00f3rica huelga de empleados de Samsung en Corea del Sur"},"content":{"rendered":"<p style=\"text-align: center;\"><em><strong>Los sindicatos y el gigante tecnol\u00f3gico negocian mejores salarios desde enero pero siguen sin alcanzar un acuerdo<\/strong><\/em><\/p>\n<p>&nbsp;<\/p>\n<p>&nbsp;<\/p>\n<p>Los trabajadores en Corea del Sur del gigante tecnol\u00f3gico Samsung Electronics organizan este viernes (07.06.2024) la primera huelga en la historia de la empresa, dijo el l\u00edder de un sindicato que representa a miles de empleados.<\/p>\n<p>La direcci\u00f3n de la empresa, uno de los mayores fabricantes de tel\u00e9fonos inteligentes y chips de memoria del mundo, lleva desde enero negociando con la plantilla por los salarios, pero ambas partes no resuelven sus diferencias.<\/p>\n<p>&#8220;Est\u00e1 teniendo lugar la primera huelga de Samsung Electronics&#8221;, dijo Son Woo-mok, l\u00edder del Sindicato Nacional de Samsung Electronics, quien explic\u00f3 que los empleados est\u00e1n usando d\u00edas de permiso retribuidos para unirse en la protesta.<\/p>\n<p>&#8220;Muchos empleados est\u00e1n participando&#8221; en la huelga, afirm\u00f3. &#8220;Es dif\u00edcil aportar un n\u00famero exacto, pero por lo que he visto de la asistencia al puesto de trabajo en la ma\u00f1ana, hay una diferencia significativa respecto a lo normal&#8221;, agreg\u00f3.<\/p>\n<p>La protesta, de todos modos, coincide con un d\u00eda laborable entre un jueves festivo y el fin de semana.<\/p>\n<p>La empresa Samsung Electronics asegur\u00f3 en un comunicado que &#8220;no hay impacto en la producci\u00f3n y las actividades comerciales&#8221; debido a la huelga.<\/p>\n<p>La huelga en Corea del Sur es la primera dentro de la plantilla del gigante tecnol\u00f3gico, la principal filial del conglomerado Samsung, el m\u00e1s grande de la cuarta econom\u00eda asi\u00e1tica.<\/p>\n<p>Una decena de trabajadores se concentraron ante las oficinas centrales de Samsung en Se\u00fal gritando la consigna: &#8220;\u00a1Respeten al trabajador!&#8221;.<\/p>\n<p>En su comunicado, la empresa afirm\u00f3 estar &#8220;diligentemente comprometida en las negociaciones con el sindicato&#8221; y asegur\u00f3 que &#8220;continuar\u00e1 haci\u00e9ndolo&#8221;.<\/p>\n","protected":false},"excerpt":{"rendered":"<p>Los sindicatos y el gigante tecnol\u00f3gico negocian mejores salarios desde enero pero siguen sin alcanzar un acuerdo &nbsp; &nbsp; Los trabajadores en Corea del Sur del gigante tecnol\u00f3gico Samsung Electronics organizan este viernes (07.06.2024) la primera huelga en la historia de la empresa, dijo el l\u00edder de un sindicato que representa a miles de empleados. La direcci\u00f3n de la empresa, uno de los mayores fabricantes de tel\u00e9fonos inteligentes y chips de memoria del mundo, lleva desde enero negociando con la plantilla por los salarios, pero ambas partes no resuelven sus&#8230;<\/p>\n","protected":false},"author":3,"featured_media":115820,"comment_status":"closed","ping_status":"closed","sticky":false,"template":"","format":"standard","meta":[],"categories":[4],"tags":[],"_links":{"self":[{"href":"https:\/\/www.actualidadadiario.com\/index.php\/wp-json\/wp\/v2\/posts\/115819"}],"collection":[{"href":"https:\/\/www.actualidadadiario.com\/index.php\/wp-json\/wp\/v2\/posts"}],"about":[{"href":"https:\/\/www.actualidadadiario.com\/index.php\/wp-json\/wp\/v2\/types\/post"}],"author":[{"embeddable":true,"href":"https:\/\/www.actualidadadiario.com\/index.php\/wp-json\/wp\/v2\/users\/3"}],"replies":[{"embeddable":true,"href":"https:\/\/www.actualidadadiario.com\/index.php\/wp-json\/wp\/v2\/comments?post=115819"}],"version-history":[{"count":1,"href":"https:\/\/www.actualidadadiario.com\/index.php\/wp-json\/wp\/v2\/posts\/115819\/revisions"}],"predecessor-version":[{"id":115821,"href":"https:\/\/www.actualidadadiario.com\/index.php\/wp-json\/wp\/v2\/posts\/115819\/revisions\/115821"}],"wp:featuredmedia":[{"embeddable":true,"href":"https:\/\/www.actualidadadiario.com\/index.php\/wp-json\/wp\/v2\/media\/115820"}],"wp:attachment":[{"href":"https:\/\/www.actualidadadiario.com\/index.php\/wp-json\/wp\/v2\/media?parent=115819"}],"wp:term":[{"taxonomy":"category","embeddable":true,"href":"https:\/\/www.actualidadadiario.com\/index.php\/wp-json\/wp\/v2\/categories?post=115819"},{"taxonomy":"post_tag","embeddable":true,"href":"https:\/\/www.actualidadadiario.com\/index.php\/wp-json\/wp\/v2\/tags?post=115819"}],"curies":[{"name":"wp","href":"https:\/\/api.w.org\/{rel}","templated":true}]}}