{"id":115812,"date":"2024-06-07T14:03:09","date_gmt":"2024-06-07T17:03:09","guid":{"rendered":"https:\/\/www.actualidadadiario.com\/?p=115812"},"modified":"2024-06-07T14:03:09","modified_gmt":"2024-06-07T17:03:09","slug":"mas-violencia-domestica-en-alemania-256-000-casos-en-2023","status":"publish","type":"post","link":"https:\/\/www.actualidadadiario.com\/index.php\/2024\/06\/07\/mas-violencia-domestica-en-alemania-256-000-casos-en-2023\/","title":{"rendered":"M\u00e1s violencia dom\u00e9stica en Alemania: 256.000 casos en 2023"},"content":{"rendered":"<p style=\"text-align: center;\"><em><strong>El n\u00famero de v\u00edctimas de violencia dom\u00e9stica en Alemania va en aumento. El a\u00f1o 2023 se registr\u00f3 un 6,5 por ciento m\u00e1s de casos<\/strong><\/em><\/p>\n<p>&nbsp;<\/p>\n<p>&nbsp;<\/p>\n<p>En 2023, las autoridades de Alemania registraron m\u00e1s de 256.000 casos de violencia dom\u00e9stica,\u00a0 un 6,5 por ciento m\u00e1s que en 2022, seg\u00fan un informe de situaci\u00f3n presentado el viernes (7.6.2024) en Berl\u00edn por el Gobierno alem\u00e1n y la Oficina Federal de Polic\u00eda Criminal (BKA). Seg\u00fan el informe, el 70 por ciento de las personas afectadas eran mujeres y tres cuartas partes de los sospechosos eran hombres.<\/p>\n<p>La ministra federal del Interior, Nancy Faeser (del partido socialdem\u00f3crata SPD), habl\u00f3 de una &#8220;espiral de violencia&#8221; que debe detenerse. Por su parte, la Ministra de Familia, Lisa Paus (del partido de los verdes), explic\u00f3 que las nuevas cifras mostraban &#8220;el estremecedor alcance de una triste realidad&#8221;. Se trata de un reto importante, &#8220;sobre todo porque gran parte de ella ocurre dentro del hogar y fuera de la mirada p\u00fablica&#8221;.<\/p>\n<p>&nbsp;<\/p>\n<p><strong>Por su propia pareja<\/strong><\/p>\n<p>Para casi dos tercios de las personas afectadas (65,5 por ciento), la violencia dom\u00e9stica fue perpetrada por su pareja. Para el resto, fueron parientes cercanos, como padres o hijos, hermanos u otros familiares. En el \u00e1mbito de la violencia de pareja, el 79,2 por ciento de las v\u00edctimas eran mujeres. La mitad de las v\u00edctimas viv\u00edan con la persona sospechosa del delito. En 2023, 155 mujeres y 24 hombres fueron asesinados por sus parejas o exparejas.<\/p>\n<p>Es crucial &#8220;que los agresores pongan fin a su comportamiento agresivo y cambien de verdad&#8221;, explic\u00f3 Faeser. &#8220;Adem\u00e1s de una persecuci\u00f3n penal consecuente, necesitamos formaci\u00f3n antiviolencia obligatoria para los agresores&#8221;, subray\u00f3.<\/p>\n","protected":false},"excerpt":{"rendered":"<p>El n\u00famero de v\u00edctimas de violencia dom\u00e9stica en Alemania va en aumento. El a\u00f1o 2023 se registr\u00f3 un 6,5 por ciento m\u00e1s de casos &nbsp; &nbsp; En 2023, las autoridades de Alemania registraron m\u00e1s de 256.000 casos de violencia dom\u00e9stica,\u00a0 un 6,5 por ciento m\u00e1s que en 2022, seg\u00fan un informe de situaci\u00f3n presentado el viernes (7.6.2024) en Berl\u00edn por el Gobierno alem\u00e1n y la Oficina Federal de Polic\u00eda Criminal (BKA). Seg\u00fan el informe, el 70 por ciento de las personas afectadas eran mujeres y tres cuartas partes de los&#8230;<\/p>\n","protected":false},"author":3,"featured_media":115813,"comment_status":"closed","ping_status":"closed","sticky":false,"template":"","format":"standard","meta":[],"categories":[4],"tags":[],"_links":{"self":[{"href":"https:\/\/www.actualidadadiario.com\/index.php\/wp-json\/wp\/v2\/posts\/115812"}],"collection":[{"href":"https:\/\/www.actualidadadiario.com\/index.php\/wp-json\/wp\/v2\/posts"}],"about":[{"href":"https:\/\/www.actualidadadiario.com\/index.php\/wp-json\/wp\/v2\/types\/post"}],"author":[{"embeddable":true,"href":"https:\/\/www.actualidadadiario.com\/index.php\/wp-json\/wp\/v2\/users\/3"}],"replies":[{"embeddable":true,"href":"https:\/\/www.actualidadadiario.com\/index.php\/wp-json\/wp\/v2\/comments?post=115812"}],"version-history":[{"count":1,"href":"https:\/\/www.actualidadadiario.com\/index.php\/wp-json\/wp\/v2\/posts\/115812\/revisions"}],"predecessor-version":[{"id":115814,"href":"https:\/\/www.actualidadadiario.com\/index.php\/wp-json\/wp\/v2\/posts\/115812\/revisions\/115814"}],"wp:featuredmedia":[{"embeddable":true,"href":"https:\/\/www.actualidadadiario.com\/index.php\/wp-json\/wp\/v2\/media\/115813"}],"wp:attachment":[{"href":"https:\/\/www.actualidadadiario.com\/index.php\/wp-json\/wp\/v2\/media?parent=115812"}],"wp:term":[{"taxonomy":"category","embeddable":true,"href":"https:\/\/www.actualidadadiario.com\/index.php\/wp-json\/wp\/v2\/categories?post=115812"},{"taxonomy":"post_tag","embeddable":true,"href":"https:\/\/www.actualidadadiario.com\/index.php\/wp-json\/wp\/v2\/tags?post=115812"}],"curies":[{"name":"wp","href":"https:\/\/api.w.org\/{rel}","templated":true}]}}