{"id":115804,"date":"2024-06-07T13:32:57","date_gmt":"2024-06-07T16:32:57","guid":{"rendered":"https:\/\/www.actualidadadiario.com\/?p=115804"},"modified":"2024-06-07T13:32:57","modified_gmt":"2024-06-07T16:32:57","slug":"alfonso-prat-gay-dijo-que-vamos-camino-a-una-hiper-recesion-en-la-era-de-javier-milei","status":"publish","type":"post","link":"https:\/\/www.actualidadadiario.com\/index.php\/2024\/06\/07\/alfonso-prat-gay-dijo-que-vamos-camino-a-una-hiper-recesion-en-la-era-de-javier-milei\/","title":{"rendered":"Alfonso Prat-Gay dijo que vamos camino a una &#8220;hiper recesi\u00f3n&#8221; en la era de Javier Milei"},"content":{"rendered":"<p style=\"text-align: center;\"><em><strong>\u201cLa recaudaci\u00f3n del impuesto al cheque cay\u00f3 25% real en mayo&#8221;, explic\u00f3 que este impuesto es el que mejor anticipa los n\u00fameros de actividad econ\u00f3mica que se publican 2 meses m\u00e1s tarde y acompa\u00f1\u00f3 el mensaje con el hashtag #Hiperrecesi\u00f3n<\/strong><\/em><\/p>\n<p>&nbsp;<\/p>\n<p>&nbsp;<\/p>\n<p>El economista Alfonso Prat-Gay, que es exministro de Hacienda y Finanzas P\u00fablicas de Mauricio Macri, habl\u00f3 de una situaci\u00f3n de hiper recesi\u00f3n en la Argentina de Javier Milei. Lo hizo a trav\u00e9s de su cuenta de la red social X (ex-Twitter), donde advirti\u00f3 sobre el rumbo econ\u00f3mico del Gobierno.<\/p>\n<p>Prat-Gay advirti\u00f3 desde su tuit que la ca\u00edda de la recaudaci\u00f3n del impuesto al cheque que se vio en mayo de este a\u00f1o es un claro anticipo de que la actividad econ\u00f3mica no crecer\u00e1. Y es que, tal como indica, \u201cla recaudaci\u00f3n del impuesto al cheque cay\u00f3 25% real en mayo&#8221;. Explic\u00f3 que este impuesto es el que mejor anticipa los n\u00fameros de actividad econ\u00f3mica que se publican 2 meses m\u00e1s tarde y acompa\u00f1\u00f3 el mensaje con el hashtag #Hiperrecesi\u00f3n.<\/p>\n<p>El exfuncionario se\u00f1al\u00f3 que \u00e9sta es la mayor ca\u00edda en 20 a\u00f1os e incluso supera la situaci\u00f3n que se vio con el colapso de ventas durante la pandemia, que se vio en 2020.<\/p>\n<p>&nbsp;<\/p>\n<p><strong>Un antecedente al tuit de Prat-Gay<\/strong><\/p>\n<p>No es la primera vez que Prat-Gay habla de &#8220;hiper recesi\u00f3n&#8221;. Ya lo hab\u00eda hecho el pasado 22 de mayo en otro posteo posterior a que el Instituto Nacional de Estad\u00edstica y Censos (INDEC) informara que la econom\u00eda hab\u00eda ca\u00eddo 8,4% en marzo y acumul\u00f3 una baja del 5,3% en el primer trimestre del a\u00f1o.<\/p>\n<p>En ese momento, Prat-Gay hab\u00eda advertido sobre los riesgos de aplicar un ajuste tan fuerte como el que se est\u00e1 implementando. Y dese\u00f3 &#8220;que las autoridades hayan contemplado estos efectos de segunda ronda y eviten que el fen\u00f3meno se espiralice, como sucedi\u00f3 cuando se intent\u00f3 mejorar las cuentas v\u00eda ajuste&#8221;.<\/p>\n<p>En ese momento, el ex funcionario hab\u00eda se\u00f1alado que &#8220;la historia muestra que las mejoras que se sostienen son las virtuosas, no las viciosas\u201d.<\/p>\n","protected":false},"excerpt":{"rendered":"<p>\u201cLa recaudaci\u00f3n del impuesto al cheque cay\u00f3 25% real en mayo&#8221;, explic\u00f3 que este impuesto es el que mejor anticipa los n\u00fameros de actividad econ\u00f3mica que se publican 2 meses m\u00e1s tarde y acompa\u00f1\u00f3 el mensaje con el hashtag #Hiperrecesi\u00f3n &nbsp; &nbsp; El economista Alfonso Prat-Gay, que es exministro de Hacienda y Finanzas P\u00fablicas de Mauricio Macri, habl\u00f3 de una situaci\u00f3n de hiper recesi\u00f3n en la Argentina de Javier Milei. Lo hizo a trav\u00e9s de su cuenta de la red social X (ex-Twitter), donde advirti\u00f3 sobre el rumbo econ\u00f3mico del&#8230;<\/p>\n","protected":false},"author":3,"featured_media":115805,"comment_status":"closed","ping_status":"closed","sticky":false,"template":"","format":"standard","meta":[],"categories":[18],"tags":[],"_links":{"self":[{"href":"https:\/\/www.actualidadadiario.com\/index.php\/wp-json\/wp\/v2\/posts\/115804"}],"collection":[{"href":"https:\/\/www.actualidadadiario.com\/index.php\/wp-json\/wp\/v2\/posts"}],"about":[{"href":"https:\/\/www.actualidadadiario.com\/index.php\/wp-json\/wp\/v2\/types\/post"}],"author":[{"embeddable":true,"href":"https:\/\/www.actualidadadiario.com\/index.php\/wp-json\/wp\/v2\/users\/3"}],"replies":[{"embeddable":true,"href":"https:\/\/www.actualidadadiario.com\/index.php\/wp-json\/wp\/v2\/comments?post=115804"}],"version-history":[{"count":1,"href":"https:\/\/www.actualidadadiario.com\/index.php\/wp-json\/wp\/v2\/posts\/115804\/revisions"}],"predecessor-version":[{"id":115806,"href":"https:\/\/www.actualidadadiario.com\/index.php\/wp-json\/wp\/v2\/posts\/115804\/revisions\/115806"}],"wp:featuredmedia":[{"embeddable":true,"href":"https:\/\/www.actualidadadiario.com\/index.php\/wp-json\/wp\/v2\/media\/115805"}],"wp:attachment":[{"href":"https:\/\/www.actualidadadiario.com\/index.php\/wp-json\/wp\/v2\/media?parent=115804"}],"wp:term":[{"taxonomy":"category","embeddable":true,"href":"https:\/\/www.actualidadadiario.com\/index.php\/wp-json\/wp\/v2\/categories?post=115804"},{"taxonomy":"post_tag","embeddable":true,"href":"https:\/\/www.actualidadadiario.com\/index.php\/wp-json\/wp\/v2\/tags?post=115804"}],"curies":[{"name":"wp","href":"https:\/\/api.w.org\/{rel}","templated":true}]}}