{"id":115802,"date":"2024-06-07T12:31:06","date_gmt":"2024-06-07T15:31:06","guid":{"rendered":"https:\/\/www.actualidadadiario.com\/?p=115802"},"modified":"2024-06-07T12:31:06","modified_gmt":"2024-06-07T15:31:06","slug":"la-burla-de-diana-mondino-por-el-cierre-del-ministerio-de-mujeres","status":"publish","type":"post","link":"https:\/\/www.actualidadadiario.com\/index.php\/2024\/06\/07\/la-burla-de-diana-mondino-por-el-cierre-del-ministerio-de-mujeres\/","title":{"rendered":"La burla de Diana Mondino por el cierre del Ministerio de Mujeres"},"content":{"rendered":"<p style=\"text-align: center;\"><em><strong>\u201cSaluden al Ministerio de Mujeres y Sandwichitos que se fue&#8221;, dijo la funcionaria a trav\u00e9s de su cuenta oficial en X. La cartera estaba reducida a una subsecretar\u00eda<\/strong><\/em><\/p>\n<p>&nbsp;<\/p>\n<p>&nbsp;<\/p>\n<p>La canciller Diana Mondino festej\u00f3 el cierre del Ministerio de las Mujeres, G\u00e9nero y Diversidades que hasta hoy se encontraba reducido a una subsecretar\u00eda: \u201cSaluden al Ministerio de Mujeres y Sandwichitos que se fue&#8221;, escribi\u00f3 en la red social X.<\/p>\n<p>A trav\u00e9s de su cuenta oficial en la plataforma X (ex Twitter), la funcionaria de La Libertad Avanza (LLA) cit\u00f3 el mensaje oficial de la Oficina del Presidente que notificaba la eliminaci\u00f3n de la cartera.<\/p>\n<p>Horas atr\u00e1s, se hab\u00eda hecho efectiva la renuncia de la titular del organismo, Claudia Barcia, quien &#8220;decidi\u00f3 volver a su fiscal\u00eda&#8221;.<\/p>\n<p>&#8220;Me dirijo a Uds. a fin de hacerles saber que en el d\u00eda de ayer he recibido un llamado de WhatsApp a las 19:57 hs por parte del Secretario de Derechos Humanos Alberto Ba\u00f1os mediante el cual me comunic\u00f3 que la Subsecretar\u00eda de Protecci\u00f3n contra la Violencia de G\u00e9nero, que se encuentra bajo la \u00f3rbita jer\u00e1rquica de la Secretar\u00eda de Justicia del Ministerio de Justicia conforme los decretos n\u00b0 450 y 451\/24, dejar\u00e1 de existir&#8221;, sostuvo la letrada a trav\u00e9s de una carta oficial.<\/p>\n<p>&nbsp;<\/p>\n<p><strong>El anuncio del Gobierno sobre la subsecretar\u00eda de G\u00e9nero<\/strong><\/p>\n<p>&#8220;Este organismo fue creado y utilizado por la administraci\u00f3n anterior con fines pol\u00edtico-partidarios, para propagar e imponer una agenda ideol\u00f3gica, contratar militantes, y organizar charlas y eventos. Ninguna de sus acciones concluy\u00f3 en la baja del \u00edndice del delito. Por el contrario, el pueblo argentino fue testigo de su sesgo ideol\u00f3gico en la defensa discriminatoria de las v\u00edctimas&#8221;, apunt\u00f3 la administraci\u00f3n nacional.<\/p>\n<p>Mediante un comunicado, desde el Gobierno justificaron adem\u00e1s que se &#8220;detect\u00f3 que existe una clara superposici\u00f3n de funciones entre distintas agencias gubernamentales&#8221;.<\/p>\n<p>En ese sentido, agregaron que el funcionamiento de esta dependencia &#8220;implica mantenimiento de edificios, estructuras y m\u00e1s de 800 empleados, con distintos sueldos. Dinero que al Estado argentino no le sobra&#8221;.<\/p>\n<p>En esa l\u00ednea, enfatizaron que &#8220;se busca as\u00ed que el servicio sea efectivo, ordenado y cumpla los objetivos para los que fue concebido&#8221;.<\/p>\n<p>&nbsp;<\/p>\n<p><strong>Disoluci\u00f3n de la Subsecretar\u00eda contra la Violencia de G\u00e9nero<\/strong><\/p>\n<p>La medida se efectiviz\u00f3 por medio de un comunicado del Ministerio de Justicia, en el que abogaron que mantener esta \u00e1rea supon\u00eda \u201cun sobre mantenimiento de edificios, estructuras y m\u00e1s de 800 empleados, con distintos sueldos\u201d. \u201cDinero que al Estado argentino no le sobra\u201d, dice el texto.<\/p>\n<p>En tanto, el Gobierno tambi\u00e9n acus\u00f3 a esta \u00e1rea de la gesti\u00f3n anterior de tener un \u201csesgo ideol\u00f3gico en la defensa discriminatoria de las v\u00edctimas\u201d.<\/p>\n","protected":false},"excerpt":{"rendered":"<p>\u201cSaluden al Ministerio de Mujeres y Sandwichitos que se fue&#8221;, dijo la funcionaria a trav\u00e9s de su cuenta oficial en X. La cartera estaba reducida a una subsecretar\u00eda &nbsp; &nbsp; La canciller Diana Mondino festej\u00f3 el cierre del Ministerio de las Mujeres, G\u00e9nero y Diversidades que hasta hoy se encontraba reducido a una subsecretar\u00eda: \u201cSaluden al Ministerio de Mujeres y Sandwichitos que se fue&#8221;, escribi\u00f3 en la red social X. A trav\u00e9s de su cuenta oficial en la plataforma X (ex Twitter), la funcionaria de La Libertad Avanza (LLA) cit\u00f3&#8230;<\/p>\n","protected":false},"author":3,"featured_media":114763,"comment_status":"closed","ping_status":"closed","sticky":false,"template":"","format":"standard","meta":[],"categories":[18],"tags":[],"_links":{"self":[{"href":"https:\/\/www.actualidadadiario.com\/index.php\/wp-json\/wp\/v2\/posts\/115802"}],"collection":[{"href":"https:\/\/www.actualidadadiario.com\/index.php\/wp-json\/wp\/v2\/posts"}],"about":[{"href":"https:\/\/www.actualidadadiario.com\/index.php\/wp-json\/wp\/v2\/types\/post"}],"author":[{"embeddable":true,"href":"https:\/\/www.actualidadadiario.com\/index.php\/wp-json\/wp\/v2\/users\/3"}],"replies":[{"embeddable":true,"href":"https:\/\/www.actualidadadiario.com\/index.php\/wp-json\/wp\/v2\/comments?post=115802"}],"version-history":[{"count":1,"href":"https:\/\/www.actualidadadiario.com\/index.php\/wp-json\/wp\/v2\/posts\/115802\/revisions"}],"predecessor-version":[{"id":115803,"href":"https:\/\/www.actualidadadiario.com\/index.php\/wp-json\/wp\/v2\/posts\/115802\/revisions\/115803"}],"wp:featuredmedia":[{"embeddable":true,"href":"https:\/\/www.actualidadadiario.com\/index.php\/wp-json\/wp\/v2\/media\/114763"}],"wp:attachment":[{"href":"https:\/\/www.actualidadadiario.com\/index.php\/wp-json\/wp\/v2\/media?parent=115802"}],"wp:term":[{"taxonomy":"category","embeddable":true,"href":"https:\/\/www.actualidadadiario.com\/index.php\/wp-json\/wp\/v2\/categories?post=115802"},{"taxonomy":"post_tag","embeddable":true,"href":"https:\/\/www.actualidadadiario.com\/index.php\/wp-json\/wp\/v2\/tags?post=115802"}],"curies":[{"name":"wp","href":"https:\/\/api.w.org\/{rel}","templated":true}]}}