{"id":115800,"date":"2024-06-07T12:30:27","date_gmt":"2024-06-07T15:30:27","guid":{"rendered":"https:\/\/www.actualidadadiario.com\/?p=115800"},"modified":"2024-06-07T12:30:27","modified_gmt":"2024-06-07T15:30:27","slug":"viajes-al-exterior-la-justicia-comenzo-a-investigar-a-javier-milei-por-presunta-malversacion-de-fondos-para-fines-privados","status":"publish","type":"post","link":"https:\/\/www.actualidadadiario.com\/index.php\/2024\/06\/07\/viajes-al-exterior-la-justicia-comenzo-a-investigar-a-javier-milei-por-presunta-malversacion-de-fondos-para-fines-privados\/","title":{"rendered":"Viajes al exterior: la Justicia comenz\u00f3 a investigar a Javier Milei por presunta malversaci\u00f3n de fondos para fines privados"},"content":{"rendered":"<p style=\"text-align: center;\"><em><strong>El fiscal Ramiro Gonz\u00e1lez solicit\u00f3 medidas para investigar si los viajes de Javier Milei fueron para fines privados y pagados por el Estado<\/strong><\/em><\/p>\n<p>&nbsp;<\/p>\n<p>&nbsp;<\/p>\n<p>La Justicia investiga al presidente Javier Milei por el uso de fondos p\u00fablicos para presuntos viajes particulares que realiz\u00f3 desde que asumi\u00f3. Se lo acusa de presunta malversaci\u00f3n de fondos, abuso de autoridad e incumplimiento de los deberes de funcionario p\u00fablico.<\/p>\n<p>Seg\u00fan la denuncia presentada el 27 de mayo por el abogado Daniel Trava, entre diciembre de 2023 y mayo pasado, el presidente hizo 5 viajes particulares dentro de Argentina y 5 al exterior. Todos, sospecha Trava, con fondos p\u00fablicos.<\/p>\n<p>La denuncia est\u00e1 radicada en el Juzgado Federal N\u00b04 que tiene al frente a Ariel Lijo, nominado por el Gobierno para ocupar un lugar en la Corte Suprema de la Naci\u00f3n. El fiscal Ramiro Gonz\u00e1lez, el mismo que interviene en la causa que investiga al Ministerio de Capital Humano por el esc\u00e1ndalo de los alimentos, solicit\u00f3 medidas previas en el marco de la investigaci\u00f3n. Entre otras, pidi\u00f3 el protocolo de los viajes del mandatario.<\/p>\n<p>Para el abogado denunciante, los casos presentados &#8220;no fueron viajes oficiales, ya que estos, son \u00fanicamente los realizados por invitaci\u00f3n de otros gobiernos. En definitiva, entiendo que fueron viajes privados, recreativos y realizados al amparo de la investidura presidencial y posiblemente financiados con caudales p\u00fablicos&#8221;.<\/p>\n","protected":false},"excerpt":{"rendered":"<p>El fiscal Ramiro Gonz\u00e1lez solicit\u00f3 medidas para investigar si los viajes de Javier Milei fueron para fines privados y pagados por el Estado &nbsp; &nbsp; La Justicia investiga al presidente Javier Milei por el uso de fondos p\u00fablicos para presuntos viajes particulares que realiz\u00f3 desde que asumi\u00f3. Se lo acusa de presunta malversaci\u00f3n de fondos, abuso de autoridad e incumplimiento de los deberes de funcionario p\u00fablico. Seg\u00fan la denuncia presentada el 27 de mayo por el abogado Daniel Trava, entre diciembre de 2023 y mayo pasado, el presidente hizo 5&#8230;<\/p>\n","protected":false},"author":3,"featured_media":114612,"comment_status":"closed","ping_status":"closed","sticky":false,"template":"","format":"standard","meta":[],"categories":[9],"tags":[],"_links":{"self":[{"href":"https:\/\/www.actualidadadiario.com\/index.php\/wp-json\/wp\/v2\/posts\/115800"}],"collection":[{"href":"https:\/\/www.actualidadadiario.com\/index.php\/wp-json\/wp\/v2\/posts"}],"about":[{"href":"https:\/\/www.actualidadadiario.com\/index.php\/wp-json\/wp\/v2\/types\/post"}],"author":[{"embeddable":true,"href":"https:\/\/www.actualidadadiario.com\/index.php\/wp-json\/wp\/v2\/users\/3"}],"replies":[{"embeddable":true,"href":"https:\/\/www.actualidadadiario.com\/index.php\/wp-json\/wp\/v2\/comments?post=115800"}],"version-history":[{"count":1,"href":"https:\/\/www.actualidadadiario.com\/index.php\/wp-json\/wp\/v2\/posts\/115800\/revisions"}],"predecessor-version":[{"id":115801,"href":"https:\/\/www.actualidadadiario.com\/index.php\/wp-json\/wp\/v2\/posts\/115800\/revisions\/115801"}],"wp:featuredmedia":[{"embeddable":true,"href":"https:\/\/www.actualidadadiario.com\/index.php\/wp-json\/wp\/v2\/media\/114612"}],"wp:attachment":[{"href":"https:\/\/www.actualidadadiario.com\/index.php\/wp-json\/wp\/v2\/media?parent=115800"}],"wp:term":[{"taxonomy":"category","embeddable":true,"href":"https:\/\/www.actualidadadiario.com\/index.php\/wp-json\/wp\/v2\/categories?post=115800"},{"taxonomy":"post_tag","embeddable":true,"href":"https:\/\/www.actualidadadiario.com\/index.php\/wp-json\/wp\/v2\/tags?post=115800"}],"curies":[{"name":"wp","href":"https:\/\/api.w.org\/{rel}","templated":true}]}}