{"id":115798,"date":"2024-06-07T12:29:47","date_gmt":"2024-06-07T15:29:47","guid":{"rendered":"https:\/\/www.actualidadadiario.com\/?p=115798"},"modified":"2024-06-07T12:29:47","modified_gmt":"2024-06-07T15:29:47","slug":"francos-cruzo-al-juez-casanello-pordesestimar-la-apelacion-de-capital-humano-quien-se-cree-que-es-la-justicia","status":"publish","type":"post","link":"https:\/\/www.actualidadadiario.com\/index.php\/2024\/06\/07\/francos-cruzo-al-juez-casanello-pordesestimar-la-apelacion-de-capital-humano-quien-se-cree-que-es-la-justicia\/","title":{"rendered":"Francos cruz\u00f3 al juez Casanello pordesestimar la apelaci\u00f3n de Capital Humano: &#8220;\u00bfQui\u00e9n se cree que es la Justicia?&#8221;"},"content":{"rendered":"<p style=\"text-align: center;\"><em><strong>En medio de la fuerte pol\u00e9mica por los alimentos retenidos, el ahora jefe de Gabinete reiter\u00f3 su defensa a Sandra Pettovello al cuestionar el accionar del juez Casanello y la C\u00e1mara Federal porte\u00f1a<\/strong><\/em><\/p>\n<p>&nbsp;<\/p>\n<p>&nbsp;<\/p>\n<p>El esc\u00e1ndalo por los alimentos retenidos en galpones del Ministerio de Capital Humano contin\u00faa, ahora, con investigaciones por parte de la Justicia en el \u00e1rea de contrataciones de la cartera que conduce Sandra Pettovello. Lo cierto es que, en los \u00faltimos d\u00edas, la C\u00e1mara Federal desestim\u00f3 la apelaci\u00f3n del Gobierno a la orden del juez Casanello, por lo que la gesti\u00f3n libertaria deber\u00e1 poner a disposici\u00f3n de la Justicia el detalle de los alimentos y de c\u00f3mo ser\u00e1n repartidos.<\/p>\n<p>Como era de esperarse, esto desat\u00f3 la furia de los integrantes del equipo de Javier Milei, especialmente de Guillermo Francos, quien ya se hab\u00eda pronunciado a favor de la ministra que ha sido puesta en tela de juicio, incluso, por sectores adherentes a La Libertad Avanza.<\/p>\n<p>En este sentido, el exministro del Interior cuestion\u00f3 el accionar del juez Casanello y la C\u00e1mara Federal porte\u00f1a: &#8220;Ella (Pettovello) est\u00e1 viviendo un momento complicado, porque, para ponerlo claro, \u00bfa vos te parece que un juez federal de la Naci\u00f3n y una C\u00e1mara le pueden decir al Poder Ejecutivo: &#8216;mandenme el plan de distribuci\u00f3n de alimentos&#8217;?\u201d, lanz\u00f3 en di\u00e1logo con Radio Rivadavia.<\/p>\n<p>&#8220;\u00bfQui\u00e9n se cree que es la Justicia? No hay separaci\u00f3n de poderes. La administraci\u00f3n es del Ejecutivo&#8221;, indic\u00f3 indignado, al mismo tiempo que sostuvo que la Justicia debe actuar en caso de existir &#8220;delito&#8221;. Y agreg\u00f3: &#8220;\u00bfC\u00f3mo pueden decirle al Ejecutivo en 24 horas presenten un plan para la distribuci\u00f3n de alimentos? \u00bfY si la pol\u00edtica del Gobierno no es esa? \u00bfY si esos alimentos est\u00e1n para situaciones de emergencia?&#8221;, pregunt\u00f3.<\/p>\n<p>En torno a la crisis por las contrataciones del Ministerio de Capital Humano con la Organizaci\u00f3n de Estados Iberoamericanos (OEI), explic\u00f3 -a modo de justificaci\u00f3n- que se utilizan para financiar &#8220;personal en el sector p\u00fablico mientras todav\u00eda no est\u00e1 designado&#8221;. &#8220;Hubo una denuncia sobre ese tema y eso fue a la oficina anticorrupci\u00f3n. Ese organismo le dijo a Pettovello que ten\u00eda que presentarla en la Justicia y fue lo que hizo. No hay ah\u00ed, hasta el momento, la demostraci\u00f3n de un il\u00edcito&#8221;, concluy\u00f3.<\/p>\n","protected":false},"excerpt":{"rendered":"<p>En medio de la fuerte pol\u00e9mica por los alimentos retenidos, el ahora jefe de Gabinete reiter\u00f3 su defensa a Sandra Pettovello al cuestionar el accionar del juez Casanello y la C\u00e1mara Federal porte\u00f1a &nbsp; &nbsp; El esc\u00e1ndalo por los alimentos retenidos en galpones del Ministerio de Capital Humano contin\u00faa, ahora, con investigaciones por parte de la Justicia en el \u00e1rea de contrataciones de la cartera que conduce Sandra Pettovello. Lo cierto es que, en los \u00faltimos d\u00edas, la C\u00e1mara Federal desestim\u00f3 la apelaci\u00f3n del Gobierno a la orden del juez&#8230;<\/p>\n","protected":false},"author":3,"featured_media":113129,"comment_status":"closed","ping_status":"closed","sticky":false,"template":"","format":"standard","meta":[],"categories":[18],"tags":[],"_links":{"self":[{"href":"https:\/\/www.actualidadadiario.com\/index.php\/wp-json\/wp\/v2\/posts\/115798"}],"collection":[{"href":"https:\/\/www.actualidadadiario.com\/index.php\/wp-json\/wp\/v2\/posts"}],"about":[{"href":"https:\/\/www.actualidadadiario.com\/index.php\/wp-json\/wp\/v2\/types\/post"}],"author":[{"embeddable":true,"href":"https:\/\/www.actualidadadiario.com\/index.php\/wp-json\/wp\/v2\/users\/3"}],"replies":[{"embeddable":true,"href":"https:\/\/www.actualidadadiario.com\/index.php\/wp-json\/wp\/v2\/comments?post=115798"}],"version-history":[{"count":1,"href":"https:\/\/www.actualidadadiario.com\/index.php\/wp-json\/wp\/v2\/posts\/115798\/revisions"}],"predecessor-version":[{"id":115799,"href":"https:\/\/www.actualidadadiario.com\/index.php\/wp-json\/wp\/v2\/posts\/115798\/revisions\/115799"}],"wp:featuredmedia":[{"embeddable":true,"href":"https:\/\/www.actualidadadiario.com\/index.php\/wp-json\/wp\/v2\/media\/113129"}],"wp:attachment":[{"href":"https:\/\/www.actualidadadiario.com\/index.php\/wp-json\/wp\/v2\/media?parent=115798"}],"wp:term":[{"taxonomy":"category","embeddable":true,"href":"https:\/\/www.actualidadadiario.com\/index.php\/wp-json\/wp\/v2\/categories?post=115798"},{"taxonomy":"post_tag","embeddable":true,"href":"https:\/\/www.actualidadadiario.com\/index.php\/wp-json\/wp\/v2\/tags?post=115798"}],"curies":[{"name":"wp","href":"https:\/\/api.w.org\/{rel}","templated":true}]}}