{"id":115795,"date":"2024-06-07T12:29:07","date_gmt":"2024-06-07T15:29:07","guid":{"rendered":"https:\/\/www.actualidadadiario.com\/?p=115795"},"modified":"2024-06-07T12:29:07","modified_gmt":"2024-06-07T15:29:07","slug":"villarruel-llamo-a-sesion-especial-para-tratar-la-ley-bases-en-el-senado-el-proximo-miercoles","status":"publish","type":"post","link":"https:\/\/www.actualidadadiario.com\/index.php\/2024\/06\/07\/villarruel-llamo-a-sesion-especial-para-tratar-la-ley-bases-en-el-senado-el-proximo-miercoles\/","title":{"rendered":"Villarruel llam\u00f3 a sesi\u00f3n especial para tratar la Ley Bases en el Senado el pr\u00f3ximo mi\u00e9rcoles"},"content":{"rendered":"<p style=\"text-align: center;\"><em><strong>Ser\u00e1 desde las 10 de la ma\u00f1ana e incluir\u00e1 el tratamiento del llamado Paquete Fiscal. Se espera una gran movilizaci\u00f3n frente al Congreso de la CGT, las dos CTA y organizaciones sociales<\/strong><\/em><\/p>\n<p>&nbsp;<\/p>\n<p>&nbsp;<\/p>\n<p>&nbsp;<\/p>\n<p>La vicepresidenta, Victoria Villarruel, convoc\u00f3 este jueves a una sesi\u00f3n en el Senado para tratar la Ley Bases y el paquete fiscal para el pr\u00f3ximo mi\u00e9rcoles a las 10. De aprobarse, ambas normas ser\u00e1n con modificaciones y tendr\u00e1n que volver a Diputados.<\/p>\n<p>Despu\u00e9s de negociaciones con la oposici\u00f3n dialoguista, el Gobierno logr\u00f3 llevar al recinto los dos megaproyectos de ley que considera centrales para la gobernabilidad. Sin los consensos necesarios y con la f\u00e9rrea oposici\u00f3n de Uni\u00f3n por la Patria, se vieron obligados a ceder modificaciones y para lograr dictamen en el Senado debieron intervenir para lograr el actual jefe de Gabinete, Guillermo Francos, y la vicepresidenta Villarruel.<\/p>\n<p>En particular, el oficialismo tuvo que aceptar retoques, entre otros, en el R\u00e9gimen de Incentivo a las Grandes Inversiones (RIGI) y en la Ley de Contrato de Trabajo. Otro de los cambios tuvieron que ver con el retorno de la cuarta categor\u00eda de Ganancias en el apartado fiscal que engrosar\u00eda la masa coparticipable. En el nuevo texto que llegar\u00e1 al recinto habr\u00e1 un piso m\u00e1s alto para las provincias patag\u00f3nicas, a diferencia de la ley aprobada en Diputados.<\/p>\n<p>&nbsp;<\/p>\n<p><strong>Las reformas que acept\u00f3 el Gobierno<\/strong><\/p>\n<p>Los cambios que habilit\u00f3 el Gobierno y que se encuentran presentes en el borrador de la ley Bases son:<\/p>\n<p>&#8211; Inclusi\u00f3n de nuevos organismos del Estado que no se podr\u00edan disolver: entre ellos, el INCAA, la CONAE, el INCUCAI, el INTI, el SENASA y la CONEAU.<\/p>\n<p>&#8211; Se prolonga el plazo que tiene la Auditor\u00eda General de la Naci\u00f3n para evaluar procesos de privatizaci\u00f3n, de 30 d\u00edas a 120 d\u00edas.<\/p>\n<p>&#8211; La posibilidad de manifestar la voluntad de no realizar aportes a obras sociales sindicales.<\/p>\n<p>&#8211; Except\u00faa la aplicaci\u00f3n de la Ley de Contrato de Trabajo a trabajadores de la Administraci\u00f3n P\u00fablica, personal dom\u00e9stico, empleados rurales y contratados.<\/p>\n<p>&#8211; R\u00e9gimen de Incentivo para Grandes Inversiones: autonom\u00eda provincial para definir si adherirse, proveedores con mercader\u00eda importada deben facturar, inversores deben presentar un plan de desarrollo de proveedores locales y una estimaci\u00f3n del empleo local que contratar\u00e1n.<\/p>\n<p>&nbsp;<\/p>\n<p><strong>Reforma Fiscal<\/strong><\/p>\n<p>&#8211; Figura del monotributo social.<\/p>\n<p>&#8211; Impuestos a las Ganancias: un 22% de aumento en el piso m\u00ednimo de los asalariados de las provincias que integran la regi\u00f3n patag\u00f3nica.<\/p>\n<p>&#8211; Blanqueo de Capitales: quitaron la posibilidad de hacerlo a trav\u00e9s de criptomonedas y de que ingresen familiares de funcionarios.<\/p>\n<p>&#8211; Regal\u00edas mineras: subieron del 3% al 5% el tope que pueden cobrar las provincias<\/p>\n<p>&nbsp;<\/p>\n<p>Desde el bloque de Uni\u00f3n por la Patria pidieron una sesi\u00f3n especial para interpelar a la ministra de Capital Humano, Sandra Pettovello, en el marco del esc\u00e1ndalo con la no distribuci\u00f3n de los alimentos almacenados. La funcionaria, que viene de recibir la citaci\u00f3n de la Comisi\u00f3n de Salud de Diputados, deber\u00e1 enfrentar tambi\u00e9n al reclamo de los 33 senadores que conforman el interbloque kirchnerista.<\/p>\n<p>En la cuenta de X (antes Twitter) de @unionxlapatria, publicaron: &#8221;Los Senadores y Senadoras del Interbloque @unionxlapatria formalizamos un pedido de sesi\u00f3n especial para el pr\u00f3ximo mi\u00e9rcoles 12 con el objeto de tratar el proyecto de interpelaci\u00f3n a la Ministra de Capital Humano, Sandra Pettovello&#8221;.<\/p>\n<p>Adem\u00e1s, acompa\u00f1aron el texto con una foto del pedido elevado a la presidenta del Senado, Victoria Villarruel, donde la convocatoria tiene como fecha el pr\u00f3ximo mi\u00e9rcoles 12 de junio, a las 11 de la ma\u00f1ana. De esta manera, citan a la ministra Pettovello &#8221;para su interpelaci\u00f3n&#8221;, luego de la no distribuci\u00f3n de las toneladas de alimentos almacenadas en dep\u00f3sitos.<\/p>\n","protected":false},"excerpt":{"rendered":"<p>Ser\u00e1 desde las 10 de la ma\u00f1ana e incluir\u00e1 el tratamiento del llamado Paquete Fiscal. Se espera una gran movilizaci\u00f3n frente al Congreso de la CGT, las dos CTA y organizaciones sociales &nbsp; &nbsp; &nbsp; La vicepresidenta, Victoria Villarruel, convoc\u00f3 este jueves a una sesi\u00f3n en el Senado para tratar la Ley Bases y el paquete fiscal para el pr\u00f3ximo mi\u00e9rcoles a las 10. De aprobarse, ambas normas ser\u00e1n con modificaciones y tendr\u00e1n que volver a Diputados. Despu\u00e9s de negociaciones con la oposici\u00f3n dialoguista, el Gobierno logr\u00f3 llevar al recinto&#8230;<\/p>\n","protected":false},"author":3,"featured_media":115796,"comment_status":"closed","ping_status":"closed","sticky":false,"template":"","format":"standard","meta":[],"categories":[18],"tags":[],"_links":{"self":[{"href":"https:\/\/www.actualidadadiario.com\/index.php\/wp-json\/wp\/v2\/posts\/115795"}],"collection":[{"href":"https:\/\/www.actualidadadiario.com\/index.php\/wp-json\/wp\/v2\/posts"}],"about":[{"href":"https:\/\/www.actualidadadiario.com\/index.php\/wp-json\/wp\/v2\/types\/post"}],"author":[{"embeddable":true,"href":"https:\/\/www.actualidadadiario.com\/index.php\/wp-json\/wp\/v2\/users\/3"}],"replies":[{"embeddable":true,"href":"https:\/\/www.actualidadadiario.com\/index.php\/wp-json\/wp\/v2\/comments?post=115795"}],"version-history":[{"count":1,"href":"https:\/\/www.actualidadadiario.com\/index.php\/wp-json\/wp\/v2\/posts\/115795\/revisions"}],"predecessor-version":[{"id":115797,"href":"https:\/\/www.actualidadadiario.com\/index.php\/wp-json\/wp\/v2\/posts\/115795\/revisions\/115797"}],"wp:featuredmedia":[{"embeddable":true,"href":"https:\/\/www.actualidadadiario.com\/index.php\/wp-json\/wp\/v2\/media\/115796"}],"wp:attachment":[{"href":"https:\/\/www.actualidadadiario.com\/index.php\/wp-json\/wp\/v2\/media?parent=115795"}],"wp:term":[{"taxonomy":"category","embeddable":true,"href":"https:\/\/www.actualidadadiario.com\/index.php\/wp-json\/wp\/v2\/categories?post=115795"},{"taxonomy":"post_tag","embeddable":true,"href":"https:\/\/www.actualidadadiario.com\/index.php\/wp-json\/wp\/v2\/tags?post=115795"}],"curies":[{"name":"wp","href":"https:\/\/api.w.org\/{rel}","templated":true}]}}