{"id":115792,"date":"2024-06-07T12:28:02","date_gmt":"2024-06-07T15:28:02","guid":{"rendered":"https:\/\/www.actualidadadiario.com\/?p=115792"},"modified":"2024-06-07T12:28:02","modified_gmt":"2024-06-07T15:28:02","slug":"tras-idas-y-vueltas-milei-acorta-la-gira-internacional-y-pone-el-eje-en-el-g7","status":"publish","type":"post","link":"https:\/\/www.actualidadadiario.com\/index.php\/2024\/06\/07\/tras-idas-y-vueltas-milei-acorta-la-gira-internacional-y-pone-el-eje-en-el-g7\/","title":{"rendered":"Tras idas y vueltas, Milei acorta la gira internacional y pone el eje en el G7"},"content":{"rendered":"<p style=\"text-align: center;\"><strong><em>El Presidente viajar\u00e1 al exterior para participar de la cumbre de los l\u00edderes econ\u00f3micos mundiales que se realizar\u00e1 en Italia. Luego volver\u00e1 a visitar otros pa\u00edses de Europa<\/em><\/strong><\/p>\n<p>&nbsp;<\/p>\n<p>&nbsp;<\/p>\n<p>La agenda internacional del presidente Javier Milei no termina de confirmarse. A \u00faltima hora de ayer finalmente, el Jefe de Estado decidi\u00f3 asistir a la cumbre del G7 que se realizar\u00e1 la pr\u00f3xima semana en Italia luego de que el Gobierno informara que hab\u00eda suspendido el viaje.<\/p>\n<p>Hoy, por ejemplo, no se inform\u00f3 de ning\u00fan acto de Milei en la agenda diaria que da a conocer Presidencia. Sin embargo, el Presidente iba a ir esta ma\u00f1ana el Centro Cultural Isl\u00e1mico ubicado en el barrio de Palermo, aunque finalmente desisti\u00f3 de la visita. Al mediod\u00eda podr\u00eda pasar a saludar a los periodistas acreditados invitados a un brindis en la Casa Rosada.<\/p>\n<p>En cuanto al viaje a Europa, fuentes del entorno presidencial confirmaron a este medio que Javier Milei participar\u00e1 de la cumbre a la que fue invitado por la premier italiana, Giorgia Meloni, entre el 12 y el 15 de junio, y luego regresar\u00e1 al pa\u00eds.<\/p>\n<p>El evento se realizar\u00e1 en Borgo Egnazia, en la ciudad italiana de Fasano, y asistir\u00e1n los jefes de Estado de Francia, Emmanuel Macron; de Alemania, Olaf Scholz; de Canad\u00e1, Justin Trudeau; de Jap\u00f3n, Fumio Kishida; de los Estados Unidos, Joe Biden, y del Reino Unido, Rishi Sunak, adem\u00e1s de la anfitriona, Meloni. Uno de los invitados es el presidente de Brasil, Luiz Inacio &#8220;Lula&#8221; da Silva, pero no hay ninguna bilateral confirmada.<\/p>\n<p>Las modificaciones de la gira se conocieron en las \u00faltimas horas. El mandatario ten\u00eda previsto permanecer hasta 15 d\u00edas en suelo europeo pero hubo cambios de planes sin especificar los motivos. Los comentarios en Balcarce 50 hacen hincapi\u00e9 a las cr\u00edticas por los constantes viajes del Presidente al exterior.<\/p>\n<p>En un principio, el viaje inclu\u00eda una visita a Suiza para participar de la Cumbre por la Paz en Ucrania entre el 15 y el 16 de junio por invitaci\u00f3n del presidente Volodomir Zelensky. Tambi\u00e9n qued\u00f3 fuera de la agenda la reuni\u00f3n bilateral que ten\u00eda prevista el 19 de junio con el presidente de Francia, Emmanuel Macron.<\/p>\n<p>Las actividades que siguen en pie son la invitaci\u00f3n del Instituto Juan de Mariana donde le otorgar\u00e1n una condecoraci\u00f3n en oportunidad de la Semana de la Libertad en Madrid, y luego la premiaci\u00f3n de la Medalla Hayek, que lleva el nombre de un Nobel de Econom\u00eda, en Hamburgo, Alemania. El cronograma ser\u00e1 entre el 22 y el 24 de junio.<\/p>\n<p>Con la participaci\u00f3n en el G7, Milei emprender\u00e1 el octavo viaje internacional desde que comenz\u00f3 la gesti\u00f3n hace seis meses. Se calcula que estuvo m\u00e1s de 30 d\u00edas fuera del pa\u00eds en lo que va de su administraci\u00f3n. Su \u00faltima gira fue a Estados Unidos, pa\u00eds que ya hab\u00eda visitado como presidente, en las que incluy\u00f3 las ciudades de Miami, Washington y Los \u00c1ngeles. Hace pocas semanas estuvo tambi\u00e9n en Madrid invitado por el partido ultraderechista Vox y termin\u00f3 en un conflicto diplom\u00e1tico con su par espa\u00f1ol, Pedro S\u00e1nchez.<\/p>\n","protected":false},"excerpt":{"rendered":"<p>El Presidente viajar\u00e1 al exterior para participar de la cumbre de los l\u00edderes econ\u00f3micos mundiales que se realizar\u00e1 en Italia. Luego volver\u00e1 a visitar otros pa\u00edses de Europa &nbsp; &nbsp; La agenda internacional del presidente Javier Milei no termina de confirmarse. A \u00faltima hora de ayer finalmente, el Jefe de Estado decidi\u00f3 asistir a la cumbre del G7 que se realizar\u00e1 la pr\u00f3xima semana en Italia luego de que el Gobierno informara que hab\u00eda suspendido el viaje. Hoy, por ejemplo, no se inform\u00f3 de ning\u00fan acto de Milei en la&#8230;<\/p>\n","protected":false},"author":3,"featured_media":115793,"comment_status":"closed","ping_status":"closed","sticky":false,"template":"","format":"standard","meta":[],"categories":[18],"tags":[],"_links":{"self":[{"href":"https:\/\/www.actualidadadiario.com\/index.php\/wp-json\/wp\/v2\/posts\/115792"}],"collection":[{"href":"https:\/\/www.actualidadadiario.com\/index.php\/wp-json\/wp\/v2\/posts"}],"about":[{"href":"https:\/\/www.actualidadadiario.com\/index.php\/wp-json\/wp\/v2\/types\/post"}],"author":[{"embeddable":true,"href":"https:\/\/www.actualidadadiario.com\/index.php\/wp-json\/wp\/v2\/users\/3"}],"replies":[{"embeddable":true,"href":"https:\/\/www.actualidadadiario.com\/index.php\/wp-json\/wp\/v2\/comments?post=115792"}],"version-history":[{"count":1,"href":"https:\/\/www.actualidadadiario.com\/index.php\/wp-json\/wp\/v2\/posts\/115792\/revisions"}],"predecessor-version":[{"id":115794,"href":"https:\/\/www.actualidadadiario.com\/index.php\/wp-json\/wp\/v2\/posts\/115792\/revisions\/115794"}],"wp:featuredmedia":[{"embeddable":true,"href":"https:\/\/www.actualidadadiario.com\/index.php\/wp-json\/wp\/v2\/media\/115793"}],"wp:attachment":[{"href":"https:\/\/www.actualidadadiario.com\/index.php\/wp-json\/wp\/v2\/media?parent=115792"}],"wp:term":[{"taxonomy":"category","embeddable":true,"href":"https:\/\/www.actualidadadiario.com\/index.php\/wp-json\/wp\/v2\/categories?post=115792"},{"taxonomy":"post_tag","embeddable":true,"href":"https:\/\/www.actualidadadiario.com\/index.php\/wp-json\/wp\/v2\/tags?post=115792"}],"curies":[{"name":"wp","href":"https:\/\/api.w.org\/{rel}","templated":true}]}}