{"id":115789,"date":"2024-06-07T12:26:36","date_gmt":"2024-06-07T15:26:36","guid":{"rendered":"https:\/\/www.actualidadadiario.com\/?p=115789"},"modified":"2024-06-07T12:26:54","modified_gmt":"2024-06-07T15:26:54","slug":"ni-comedores-ni-merenderos-el-gobierno-confirmo-a-donde-entregara-los-alimentos","status":"publish","type":"post","link":"https:\/\/www.actualidadadiario.com\/index.php\/2024\/06\/07\/ni-comedores-ni-merenderos-el-gobierno-confirmo-a-donde-entregara-los-alimentos\/","title":{"rendered":"Ni comedores ni merenderos: el Gobierno confirm\u00f3 a d\u00f3nde entregar\u00e1 los alimentos"},"content":{"rendered":"<p style=\"text-align: center;\"><em><strong>En medio del esc\u00e1ndalo y las acusaciones, Capital Humano le comunic\u00f3 la decisi\u00f3n al juez Casanello<\/strong><\/em><\/p>\n<p>&nbsp;<\/p>\n<p>&nbsp;<\/p>\n<p>El Ministerio de Capital Humano le inform\u00f3 al juez Sebasti\u00e1n Casanello que distribuir\u00e1 los alimentos almacenados en dos dep\u00f3sitos en Buenos Aires y Tucum\u00e1n entre escuelas con alumnos vulnerables y no a los comedores populares y merenderos.<\/p>\n<p>As\u00ed se desprende de una notificaci\u00f3n enviada en las \u00faltimas horas del jueves al magistrado, en cumplimiento \u2013con algunas horas de retardo- del plazo que le hab\u00eda dado la C\u00e1mara Federal para que elaborara un plan de distribuci\u00f3n de la comida.<\/p>\n<p>El documento y sus planillas adjuntas con el inventario de los alimentos no precisa cu\u00e1les ser\u00e1n las escuelas que recibir\u00e1n la comida.<\/p>\n<p>\u201cSe comunicar\u00e1 a la brevedad acerca de las escuelas receptoras como as\u00ed tambi\u00e9n las cantidades de productos y fechas exactas de entrega de los alimentos\u201d, sostiene la comunicaci\u00f3n, firmada por Yamila Nano Lembo, designada al frente de la Secretar\u00eda de Ni\u00f1ez, Adolescencia y Familia en reemplazo del despedido Pablo De la Torre.<\/p>\n<p>El gobierno inform\u00f3 que los alimentos ser\u00e1n repartidos entre \u201cescuelas vulnerables\u201d, lo que excluye a los comedores y merenderos que dependen de organizaciones sociales y eclesi\u00e1sticas.<\/p>\n<p>\u201cLos alimentos restantes existentes en los dep\u00f3sitos van a ser distribuidos a las escuelas vulnerables de todo el pa\u00eds. Se considera escuelas vulnerables aquellas que presentan estudiantes con altos niveles de riesgo infantil y bajos \u00edndices de desempe\u00f1o educativo y socioecon\u00f3mico\u201d, expresa la comunicaci\u00f3n.<\/p>\n<p>El gobierno se arrog\u00f3 la determinaci\u00f3n de la vulnerabilidad de las escuelas sobre la base de estad\u00edsticas del \u00cdndice de Contexto Social de la Educaci\u00f3n, \u00cdndice de Riesgo Infantil y los resultados de las Pruebas Aprender de 2023.<\/p>\n<p>Asimismo, la nota blanque\u00f3 una operatoria que el gobierno ya comenz\u00f3 a ejecutar: el reparto del cargamento de leche en polvo, a trav\u00e9s de la Fundaci\u00f3n CONIN, del controvertido pediatra Abel Albino.<\/p>\n","protected":false},"excerpt":{"rendered":"<p>En medio del esc\u00e1ndalo y las acusaciones, Capital Humano le comunic\u00f3 la decisi\u00f3n al juez Casanello &nbsp; &nbsp; El Ministerio de Capital Humano le inform\u00f3 al juez Sebasti\u00e1n Casanello que distribuir\u00e1 los alimentos almacenados en dos dep\u00f3sitos en Buenos Aires y Tucum\u00e1n entre escuelas con alumnos vulnerables y no a los comedores populares y merenderos. As\u00ed se desprende de una notificaci\u00f3n enviada en las \u00faltimas horas del jueves al magistrado, en cumplimiento \u2013con algunas horas de retardo- del plazo que le hab\u00eda dado la C\u00e1mara Federal para que elaborara un&#8230;<\/p>\n","protected":false},"author":3,"featured_media":115791,"comment_status":"closed","ping_status":"closed","sticky":false,"template":"","format":"standard","meta":[],"categories":[9],"tags":[],"_links":{"self":[{"href":"https:\/\/www.actualidadadiario.com\/index.php\/wp-json\/wp\/v2\/posts\/115789"}],"collection":[{"href":"https:\/\/www.actualidadadiario.com\/index.php\/wp-json\/wp\/v2\/posts"}],"about":[{"href":"https:\/\/www.actualidadadiario.com\/index.php\/wp-json\/wp\/v2\/types\/post"}],"author":[{"embeddable":true,"href":"https:\/\/www.actualidadadiario.com\/index.php\/wp-json\/wp\/v2\/users\/3"}],"replies":[{"embeddable":true,"href":"https:\/\/www.actualidadadiario.com\/index.php\/wp-json\/wp\/v2\/comments?post=115789"}],"version-history":[{"count":1,"href":"https:\/\/www.actualidadadiario.com\/index.php\/wp-json\/wp\/v2\/posts\/115789\/revisions"}],"predecessor-version":[{"id":115790,"href":"https:\/\/www.actualidadadiario.com\/index.php\/wp-json\/wp\/v2\/posts\/115789\/revisions\/115790"}],"wp:featuredmedia":[{"embeddable":true,"href":"https:\/\/www.actualidadadiario.com\/index.php\/wp-json\/wp\/v2\/media\/115791"}],"wp:attachment":[{"href":"https:\/\/www.actualidadadiario.com\/index.php\/wp-json\/wp\/v2\/media?parent=115789"}],"wp:term":[{"taxonomy":"category","embeddable":true,"href":"https:\/\/www.actualidadadiario.com\/index.php\/wp-json\/wp\/v2\/categories?post=115789"},{"taxonomy":"post_tag","embeddable":true,"href":"https:\/\/www.actualidadadiario.com\/index.php\/wp-json\/wp\/v2\/tags?post=115789"}],"curies":[{"name":"wp","href":"https:\/\/api.w.org\/{rel}","templated":true}]}}