{"id":115777,"date":"2024-06-07T12:07:13","date_gmt":"2024-06-07T15:07:13","guid":{"rendered":"https:\/\/www.actualidadadiario.com\/?p=115777"},"modified":"2024-06-07T12:07:13","modified_gmt":"2024-06-07T15:07:13","slug":"afip-lanza-nueva-prorroga-para-el-impuesto-a-las-ganancias-y-bienes-personales","status":"publish","type":"post","link":"https:\/\/www.actualidadadiario.com\/index.php\/2024\/06\/07\/afip-lanza-nueva-prorroga-para-el-impuesto-a-las-ganancias-y-bienes-personales\/","title":{"rendered":"AFIP lanza nueva pr\u00f3rroga para el impuesto a las Ganancias y Bienes Personales"},"content":{"rendered":"<p style=\"text-align: center;\"><em><strong>Los nuevos vencimientos dependen de la terminaci\u00f3n de la Clave \u00danica de Identificaci\u00f3n Tributaria (CUIT) del contribuyente o responsable<\/strong><\/em><\/p>\n<p>&nbsp;<\/p>\n<p>&nbsp;<\/p>\n<p>Por medio de la Resoluci\u00f3n General 5516\/2024 de la Administraci\u00f3n Federal de Ingresos P\u00fablicos (AFIP), publicada este viernes en el Bolet\u00edn Oficial, se extienden los plazos para la presentaci\u00f3n de declaraciones juradas y el pago de impuestos a las Ganancias y sobre los Bienes personales correspondientes al per\u00edodo fiscal 2023.<\/p>\n<p>&nbsp;<\/p>\n<p><strong>\u00bfA qui\u00e9nes aplica?<\/strong><\/p>\n<ul>\n<li>Personas humanas y sucesiones indivisas comprendidas en las Resoluciones Generales N\u00b0 975 y 2.151, sus respectivas modificaciones y complementarias.<\/li>\n<li>Sujetos alcanzados por la Resoluci\u00f3n General N\u00b0 4.468, su modificatoria y sus complementarias (impuesto cedular).<\/li>\n<\/ul>\n<p>&nbsp;<\/p>\n<p><strong>\u00bfCu\u00e1les son los nuevos vencimientos?<\/strong><\/p>\n<p>Los nuevos vencimientos dependen de la terminaci\u00f3n de la Clave \u00danica de Identificaci\u00f3n Tributaria (CUIT) del contribuyente o responsable.<\/p>\n<p>&nbsp;<\/p>\n<p><strong>Tabla de vencimientos tanto para Ganancias como para Bienes Personales<\/strong><\/p>\n<ul>\n<li>Terminaci\u00f3n CUIT 0, 1, 2 y 3: Fecha l\u00edmite: 26 de agosto de 2024 (inclusive)<\/li>\n<li>Terminaci\u00f3n CUIT 4, 5 y 6: Fecha l\u00edmite: 27 de agosto de 2024 (inclusive)<\/li>\n<li>Terminaci\u00f3n CUIT 7, 8 y 9: Fecha l\u00edmite: 28 de agosto de 2024 (inclusive)<\/li>\n<\/ul>\n<p>&nbsp;<\/p>\n<p><strong>\u00bfPor qu\u00e9 se extienden los plazos?<\/strong><\/p>\n<p>Seg\u00fan menciona el texto oficial, esta medida se debe a que el proyecto de ley que modifica los impuestos a las ganancias y sobre los bienes personales a\u00fan se encuentra en tr\u00e1mite en el Congreso de la Naci\u00f3n.<\/p>\n","protected":false},"excerpt":{"rendered":"<p>Los nuevos vencimientos dependen de la terminaci\u00f3n de la Clave \u00danica de Identificaci\u00f3n Tributaria (CUIT) del contribuyente o responsable &nbsp; &nbsp; Por medio de la Resoluci\u00f3n General 5516\/2024 de la Administraci\u00f3n Federal de Ingresos P\u00fablicos (AFIP), publicada este viernes en el Bolet\u00edn Oficial, se extienden los plazos para la presentaci\u00f3n de declaraciones juradas y el pago de impuestos a las Ganancias y sobre los Bienes personales correspondientes al per\u00edodo fiscal 2023. &nbsp; \u00bfA qui\u00e9nes aplica? Personas humanas y sucesiones indivisas comprendidas en las Resoluciones Generales N\u00b0 975 y 2.151, sus&#8230;<\/p>\n","protected":false},"author":3,"featured_media":99496,"comment_status":"closed","ping_status":"closed","sticky":false,"template":"","format":"standard","meta":[],"categories":[2],"tags":[],"_links":{"self":[{"href":"https:\/\/www.actualidadadiario.com\/index.php\/wp-json\/wp\/v2\/posts\/115777"}],"collection":[{"href":"https:\/\/www.actualidadadiario.com\/index.php\/wp-json\/wp\/v2\/posts"}],"about":[{"href":"https:\/\/www.actualidadadiario.com\/index.php\/wp-json\/wp\/v2\/types\/post"}],"author":[{"embeddable":true,"href":"https:\/\/www.actualidadadiario.com\/index.php\/wp-json\/wp\/v2\/users\/3"}],"replies":[{"embeddable":true,"href":"https:\/\/www.actualidadadiario.com\/index.php\/wp-json\/wp\/v2\/comments?post=115777"}],"version-history":[{"count":1,"href":"https:\/\/www.actualidadadiario.com\/index.php\/wp-json\/wp\/v2\/posts\/115777\/revisions"}],"predecessor-version":[{"id":115778,"href":"https:\/\/www.actualidadadiario.com\/index.php\/wp-json\/wp\/v2\/posts\/115777\/revisions\/115778"}],"wp:featuredmedia":[{"embeddable":true,"href":"https:\/\/www.actualidadadiario.com\/index.php\/wp-json\/wp\/v2\/media\/99496"}],"wp:attachment":[{"href":"https:\/\/www.actualidadadiario.com\/index.php\/wp-json\/wp\/v2\/media?parent=115777"}],"wp:term":[{"taxonomy":"category","embeddable":true,"href":"https:\/\/www.actualidadadiario.com\/index.php\/wp-json\/wp\/v2\/categories?post=115777"},{"taxonomy":"post_tag","embeddable":true,"href":"https:\/\/www.actualidadadiario.com\/index.php\/wp-json\/wp\/v2\/tags?post=115777"}],"curies":[{"name":"wp","href":"https:\/\/api.w.org\/{rel}","templated":true}]}}