{"id":115775,"date":"2024-06-07T12:06:32","date_gmt":"2024-06-07T15:06:32","guid":{"rendered":"https:\/\/www.actualidadadiario.com\/?p=115775"},"modified":"2024-06-07T12:06:32","modified_gmt":"2024-06-07T15:06:32","slug":"pymes-industriales-advierten-que-en-el-primer-trimestre-se-perdieron-11-000-empleos-en-ese-sector","status":"publish","type":"post","link":"https:\/\/www.actualidadadiario.com\/index.php\/2024\/06\/07\/pymes-industriales-advierten-que-en-el-primer-trimestre-se-perdieron-11-000-empleos-en-ese-sector\/","title":{"rendered":"Pymes industriales advierten que en el primer trimestre se perdieron 11.000 empleos en ese sector"},"content":{"rendered":"<p style=\"text-align: center;\"><em><strong>Alertaron que esa cifra podr\u00eda aumentar dram\u00e1ticamente hacia fin de a\u00f1o<\/strong><\/em><\/p>\n<p>&nbsp;<\/p>\n<p>&nbsp;<\/p>\n<p>Empresarios industriales de peque\u00f1as y medianas empresas estimaron que en el primer trimestre del a\u00f1o se perdieron 11.000 puestos de trabajo en ese sector y alertaron que esa cifra podr\u00eda aumentar dram\u00e1ticamente hacia fin de a\u00f1o.<\/p>\n<p>&#8220;Si se mantiene el escenario econ\u00f3mico actual, en la segunda mitad del a\u00f1o habr\u00e1 m\u00e1s despidos y cierre de f\u00e1bricas.\u00a0 Vamos a entrar en una gran crisis social con la cantidad de pymes que van a cerrar&#8221;, advirti\u00f3 el presidente de Industriales Pymes Argentinos (IPA) Daniel Rosatto.<\/p>\n<p>El empresario se\u00f1al\u00f3 que las pol\u00edticas econ\u00f3micas del Gobierno incentivaron las importaciones de productos terminados, generaron un aumento de las tarifas y provocaron una &#8220;brutal ca\u00edda del consumo llevando a las pymes a una situaci\u00f3n cr\u00edtica&#8221;.<\/p>\n<p>&#8220;El Gobierno dice que no hay d\u00f3lares pero tenemos d\u00f3lares para importar. Nos est\u00e1n llenando de productos importados terminados.<\/p>\n<p>La crisis se va a profundizar porque en la medida que sigan viniendo los productos importados terminados del exterior va suplantando la producci\u00f3n nacional&#8221;, se quej\u00f3 el dirigente.<\/p>\n<p>Y a\u00f1adi\u00f3: &#8220;tenemos empresas que est\u00e1n pr\u00e1cticamente sin producir porque le est\u00e1n entrando productos importados. La Secretar\u00eda de Comercio sac\u00f3 los controles t\u00e9cnicos que dec\u00edan que los productos deb\u00edan cumplir con normas de calidad. Hay una competencia totalmente desleal&#8221;.<\/p>\n<p>Esta semana, el IPA present\u00f3 un informe sectorial en el cual se\u00f1al\u00f3 que en t\u00e9rminos de actividad econ\u00f3mica, empleo y salarios, los resultados en apenas seis meses de Gobierno &#8220;muestran que efectivamente est\u00e1 ocurriendo lo mismo que durante la administraci\u00f3n de Mauricio Macri pero m\u00e1s r\u00e1pido&#8221;.<\/p>\n<p>Respecto a la actividad econ\u00f3mica, rese\u00f1\u00f3 que tras seis meses seguidos de ca\u00edda, el ritmo de contracci\u00f3n se sigue acelerando: en marzo cayeron todos los sectores industriales, algo que s\u00f3lo ocurri\u00f3 en otros cuatro meses desde 2016. En lo que va de 2024 el\u00a0 nivel de actividad se derrumba pr\u00e1cticamente al mismo ritmo que en el inicio de la pandemia de COVID-19&#8243;.<\/p>\n<p>&#8220;Esta depresi\u00f3n llev\u00f3 a las empresas primero a resignar margen de ganancia, luego a adelantar vacaciones y recortar turnos, a suspender personal y ahora estamos en proceso de aceleraci\u00f3n de los despidos. Para muchas empresas se avecina el paso siguiente, final, que es comenzar el proceso de cierre de la empresa. Es muy dif\u00edcil recuperar empleo cuando las empresas se destruyen, por m\u00e1s que la econom\u00eda vuelva a crecer&#8221;, afirm\u00f3 el informe de IPA.<\/p>\n<p>Adem\u00e1s, explic\u00f3 que &#8220;el empleo ser\u00e1 un problema grave en este 2024. La demanda de empleo no es solo un problema de costos (como se desprende del discurso liberal del Gobierno), sino tambi\u00e9n de ingresos: las empresas contratan si necesitan producir, es decir si esperan vender m\u00e1s. Por la depresi\u00f3n econ\u00f3mica, en breve el empleo se ver\u00e1 severamente afectado&#8221;.<\/p>\n<p>En cuanto a los salarios, el informe revel\u00f3 que entre noviembre del 2023 y marzo del 2024 se perdi\u00f3 un 12% de su poder adquisitivo.<\/p>\n","protected":false},"excerpt":{"rendered":"<p>Alertaron que esa cifra podr\u00eda aumentar dram\u00e1ticamente hacia fin de a\u00f1o &nbsp; &nbsp; Empresarios industriales de peque\u00f1as y medianas empresas estimaron que en el primer trimestre del a\u00f1o se perdieron 11.000 puestos de trabajo en ese sector y alertaron que esa cifra podr\u00eda aumentar dram\u00e1ticamente hacia fin de a\u00f1o. &#8220;Si se mantiene el escenario econ\u00f3mico actual, en la segunda mitad del a\u00f1o habr\u00e1 m\u00e1s despidos y cierre de f\u00e1bricas.\u00a0 Vamos a entrar en una gran crisis social con la cantidad de pymes que van a cerrar&#8221;, advirti\u00f3 el presidente de&#8230;<\/p>\n","protected":false},"author":3,"featured_media":105886,"comment_status":"closed","ping_status":"closed","sticky":false,"template":"","format":"standard","meta":[],"categories":[2],"tags":[],"_links":{"self":[{"href":"https:\/\/www.actualidadadiario.com\/index.php\/wp-json\/wp\/v2\/posts\/115775"}],"collection":[{"href":"https:\/\/www.actualidadadiario.com\/index.php\/wp-json\/wp\/v2\/posts"}],"about":[{"href":"https:\/\/www.actualidadadiario.com\/index.php\/wp-json\/wp\/v2\/types\/post"}],"author":[{"embeddable":true,"href":"https:\/\/www.actualidadadiario.com\/index.php\/wp-json\/wp\/v2\/users\/3"}],"replies":[{"embeddable":true,"href":"https:\/\/www.actualidadadiario.com\/index.php\/wp-json\/wp\/v2\/comments?post=115775"}],"version-history":[{"count":1,"href":"https:\/\/www.actualidadadiario.com\/index.php\/wp-json\/wp\/v2\/posts\/115775\/revisions"}],"predecessor-version":[{"id":115776,"href":"https:\/\/www.actualidadadiario.com\/index.php\/wp-json\/wp\/v2\/posts\/115775\/revisions\/115776"}],"wp:featuredmedia":[{"embeddable":true,"href":"https:\/\/www.actualidadadiario.com\/index.php\/wp-json\/wp\/v2\/media\/105886"}],"wp:attachment":[{"href":"https:\/\/www.actualidadadiario.com\/index.php\/wp-json\/wp\/v2\/media?parent=115775"}],"wp:term":[{"taxonomy":"category","embeddable":true,"href":"https:\/\/www.actualidadadiario.com\/index.php\/wp-json\/wp\/v2\/categories?post=115775"},{"taxonomy":"post_tag","embeddable":true,"href":"https:\/\/www.actualidadadiario.com\/index.php\/wp-json\/wp\/v2\/tags?post=115775"}],"curies":[{"name":"wp","href":"https:\/\/api.w.org\/{rel}","templated":true}]}}