{"id":115773,"date":"2024-06-07T12:05:49","date_gmt":"2024-06-07T15:05:49","guid":{"rendered":"https:\/\/www.actualidadadiario.com\/?p=115773"},"modified":"2024-06-07T12:05:49","modified_gmt":"2024-06-07T15:05:49","slug":"cae-el-consumo-por-la-crisis-se-compra-menos-pero-la-gente-se-financia-mas","status":"publish","type":"post","link":"https:\/\/www.actualidadadiario.com\/index.php\/2024\/06\/07\/cae-el-consumo-por-la-crisis-se-compra-menos-pero-la-gente-se-financia-mas\/","title":{"rendered":"Cae el consumo: por la crisis se compra menos pero la gente se financia m\u00e1s"},"content":{"rendered":"<p style=\"text-align: center;\"><em><strong>Pese a que las ventas con tarjetas de cr\u00e9dito subieron un 170%, la facturaci\u00f3n merm\u00f3 hasta un 23%. Este escenario desaf\u00eda la narrativa oficial que sosten\u00eda que los peores momentos de la crisis hab\u00edan quedado atr\u00e1s en marzo y abril<\/strong><\/em><\/p>\n<p>&nbsp;<\/p>\n<p>&nbsp;<\/p>\n<p>Las ventas con tarjeta de cr\u00e9dito experimentaron un aumento de 170% en comparaci\u00f3n con mayo de 2023. Sin embargo, este incremento se vio afectado por una notable retracci\u00f3n en el consumo general.<\/p>\n<p>Cabe recordar que, el consumo sigue en ca\u00edda libre y que a pesar de la desaceleraci\u00f3n de la inflaci\u00f3n, la Confederaci\u00f3n Argentina de la Mediana Empresa (CAME) y especialistas en log\u00edstica de distribuci\u00f3n marcaron retrocesos en facturaci\u00f3n de hasta un 23%.<\/p>\n<p>As\u00ed, en mayo, las transacciones con tarjetas de cr\u00e9dito alcanzaron los $7.877.139 millones, lo que representa un incremento del 170,8% en comparaci\u00f3n con el mismo mes del a\u00f1o anterior. No obstante, este aumento qued\u00f3 unos 100 puntos porcentuales por debajo de la inflaci\u00f3n acumulada, evidenciando una significativa ca\u00edda en el consumo.<\/p>\n<p>Este escenario desaf\u00eda la narrativa oficial que sosten\u00eda que los peores momentos de la crisis hab\u00edan quedado atr\u00e1s en marzo y abril. El ministro de Econom\u00eda, Luis Caputo, hab\u00eda afirmado que &#8220;lo peor ya pas\u00f3&#8221;. Comparando con abril de este a\u00f1o, las ventas con tarjetas de cr\u00e9dito crecieron un 9,2%, superando en esta ocasi\u00f3n la inflaci\u00f3n esperada para el per\u00edodo. La informaci\u00f3n se desprende del \u00faltimo informe de First Capital Group.<\/p>\n<p>&nbsp;<\/p>\n<p><strong>Consumo: an\u00e1lisis de la situaci\u00f3n<\/strong><\/p>\n<p>Guillermo Barbero de First Capital Group se\u00f1al\u00f3 que este es \u201cel segundo mes consecutivo de alza real\u201d y destac\u00f3 la creciente oferta de ventas en cuotas. Tambi\u00e9n mencion\u00f3 que cada vez m\u00e1s comercios se adhieren a las ofertas de venta en cuotas, con o sin intereses, a trav\u00e9s del programa Cuota Simple o con financiamiento privado.<\/p>\n<p>Adem\u00e1s, Barbero mencion\u00f3 la reaparici\u00f3n de planes con hasta 12 cuotas, lo cual favorece la recuperaci\u00f3n de las carteras de cr\u00e9dito.<\/p>\n<p>El informe de la consultora indic\u00f3 que el consumo en d\u00f3lares con tarjetas de cr\u00e9dito tuvo una suba interanual del 65,1%, aunque mostr\u00f3 un comportamiento mensual irregular, alternando entre alzas y bajas.<\/p>\n<p>En mayo, se registr\u00f3 un aumento del 10,2% respecto al mes anterior, alcanzando un total de u$s464 millones. Barbero explic\u00f3 que los saldos de cartera est\u00e1n acerc\u00e1ndose a los niveles previos a la pandemia, lo que sugiere una normalizaci\u00f3n de la operativa.<\/p>\n","protected":false},"excerpt":{"rendered":"<p>Pese a que las ventas con tarjetas de cr\u00e9dito subieron un 170%, la facturaci\u00f3n merm\u00f3 hasta un 23%. Este escenario desaf\u00eda la narrativa oficial que sosten\u00eda que los peores momentos de la crisis hab\u00edan quedado atr\u00e1s en marzo y abril &nbsp; &nbsp; Las ventas con tarjeta de cr\u00e9dito experimentaron un aumento de 170% en comparaci\u00f3n con mayo de 2023. Sin embargo, este incremento se vio afectado por una notable retracci\u00f3n en el consumo general. Cabe recordar que, el consumo sigue en ca\u00edda libre y que a pesar de la desaceleraci\u00f3n&#8230;<\/p>\n","protected":false},"author":3,"featured_media":86452,"comment_status":"closed","ping_status":"closed","sticky":false,"template":"","format":"standard","meta":[],"categories":[9],"tags":[],"_links":{"self":[{"href":"https:\/\/www.actualidadadiario.com\/index.php\/wp-json\/wp\/v2\/posts\/115773"}],"collection":[{"href":"https:\/\/www.actualidadadiario.com\/index.php\/wp-json\/wp\/v2\/posts"}],"about":[{"href":"https:\/\/www.actualidadadiario.com\/index.php\/wp-json\/wp\/v2\/types\/post"}],"author":[{"embeddable":true,"href":"https:\/\/www.actualidadadiario.com\/index.php\/wp-json\/wp\/v2\/users\/3"}],"replies":[{"embeddable":true,"href":"https:\/\/www.actualidadadiario.com\/index.php\/wp-json\/wp\/v2\/comments?post=115773"}],"version-history":[{"count":1,"href":"https:\/\/www.actualidadadiario.com\/index.php\/wp-json\/wp\/v2\/posts\/115773\/revisions"}],"predecessor-version":[{"id":115774,"href":"https:\/\/www.actualidadadiario.com\/index.php\/wp-json\/wp\/v2\/posts\/115773\/revisions\/115774"}],"wp:featuredmedia":[{"embeddable":true,"href":"https:\/\/www.actualidadadiario.com\/index.php\/wp-json\/wp\/v2\/media\/86452"}],"wp:attachment":[{"href":"https:\/\/www.actualidadadiario.com\/index.php\/wp-json\/wp\/v2\/media?parent=115773"}],"wp:term":[{"taxonomy":"category","embeddable":true,"href":"https:\/\/www.actualidadadiario.com\/index.php\/wp-json\/wp\/v2\/categories?post=115773"},{"taxonomy":"post_tag","embeddable":true,"href":"https:\/\/www.actualidadadiario.com\/index.php\/wp-json\/wp\/v2\/tags?post=115773"}],"curies":[{"name":"wp","href":"https:\/\/api.w.org\/{rel}","templated":true}]}}