{"id":115770,"date":"2024-06-07T12:04:45","date_gmt":"2024-06-07T15:04:45","guid":{"rendered":"https:\/\/www.actualidadadiario.com\/?p=115770"},"modified":"2024-06-07T12:04:45","modified_gmt":"2024-06-07T15:04:45","slug":"el-banco-central-proyecta-que-el-desempleo-aumentara-en-los-proximos-meses","status":"publish","type":"post","link":"https:\/\/www.actualidadadiario.com\/index.php\/2024\/06\/07\/el-banco-central-proyecta-que-el-desempleo-aumentara-en-los-proximos-meses\/","title":{"rendered":"El Banco Central proyecta que el desempleo aumentar\u00e1 en los pr\u00f3ximos meses"},"content":{"rendered":"<p style=\"text-align: center;\"><em><strong>El relevamiento de expectativas del mercado (REM), que publica el Banco Central, estima que la desocupaci\u00f3n cierre este 2024 en 7,5%. El a\u00f1o pasado la cifra cerr\u00f3 en 5,7%<\/strong><\/em><\/p>\n<p>&nbsp;<\/p>\n<p>&nbsp;<\/p>\n<p>El Banco Central (BCRA) present\u00f3 el relevamiento de expectativas del mercado (REM) y proyecta un aumento del desempleo en los pr\u00f3ximos meses. Adem\u00e1s, espera que la desocupaci\u00f3n cierre el a\u00f1o en 7,5%, casi dos puntos por encima de las cifras del 2023.<\/p>\n<p>Espec\u00edficamente, en el primer trimestre el BCRA espera que el desempleo se ubique en el 7,4%, en el \u00faltimo trimestre de 2023 ese indicador se posicion\u00f3 en el 5,7%, seg\u00fan el INDEC. Por lo que, el REM observ\u00f3 una suba de 0,4 puntos porcentuales (p.p.) respecto al informe previo.<\/p>\n<p>En tanto, en el segundo trimestre el mercado espera que la desocupaci\u00f3n alcance el 7,6%, un 0,1 p.p. m\u00e1s que en el relevamiento previo. Mientras que para el tercer trimestre, proyectan una desaceleraci\u00f3n al 7,5%.<\/p>\n<p>Para 2024 se espera que la desocupaci\u00f3n cierre en 7,5% y para el a\u00f1o siguiente se estima que se desacelere al 7,3%, pero en ning\u00fan momento que el desempleo vuelva al 5,7%, como se ubic\u00f3 al cierre del 2023 tras la gesti\u00f3n de Alberto Fern\u00e1ndez.<\/p>\n<p>En el REM se encuestan hasta 3 estimaciones trimestrales de la tasa de desocupaci\u00f3n abierta y 2 per\u00edodos anuales.<\/p>\n","protected":false},"excerpt":{"rendered":"<p>El relevamiento de expectativas del mercado (REM), que publica el Banco Central, estima que la desocupaci\u00f3n cierre este 2024 en 7,5%. El a\u00f1o pasado la cifra cerr\u00f3 en 5,7% &nbsp; &nbsp; El Banco Central (BCRA) present\u00f3 el relevamiento de expectativas del mercado (REM) y proyecta un aumento del desempleo en los pr\u00f3ximos meses. Adem\u00e1s, espera que la desocupaci\u00f3n cierre el a\u00f1o en 7,5%, casi dos puntos por encima de las cifras del 2023. Espec\u00edficamente, en el primer trimestre el BCRA espera que el desempleo se ubique en el 7,4%, en&#8230;<\/p>\n","protected":false},"author":3,"featured_media":115771,"comment_status":"closed","ping_status":"closed","sticky":false,"template":"","format":"standard","meta":[],"categories":[9],"tags":[],"_links":{"self":[{"href":"https:\/\/www.actualidadadiario.com\/index.php\/wp-json\/wp\/v2\/posts\/115770"}],"collection":[{"href":"https:\/\/www.actualidadadiario.com\/index.php\/wp-json\/wp\/v2\/posts"}],"about":[{"href":"https:\/\/www.actualidadadiario.com\/index.php\/wp-json\/wp\/v2\/types\/post"}],"author":[{"embeddable":true,"href":"https:\/\/www.actualidadadiario.com\/index.php\/wp-json\/wp\/v2\/users\/3"}],"replies":[{"embeddable":true,"href":"https:\/\/www.actualidadadiario.com\/index.php\/wp-json\/wp\/v2\/comments?post=115770"}],"version-history":[{"count":1,"href":"https:\/\/www.actualidadadiario.com\/index.php\/wp-json\/wp\/v2\/posts\/115770\/revisions"}],"predecessor-version":[{"id":115772,"href":"https:\/\/www.actualidadadiario.com\/index.php\/wp-json\/wp\/v2\/posts\/115770\/revisions\/115772"}],"wp:featuredmedia":[{"embeddable":true,"href":"https:\/\/www.actualidadadiario.com\/index.php\/wp-json\/wp\/v2\/media\/115771"}],"wp:attachment":[{"href":"https:\/\/www.actualidadadiario.com\/index.php\/wp-json\/wp\/v2\/media?parent=115770"}],"wp:term":[{"taxonomy":"category","embeddable":true,"href":"https:\/\/www.actualidadadiario.com\/index.php\/wp-json\/wp\/v2\/categories?post=115770"},{"taxonomy":"post_tag","embeddable":true,"href":"https:\/\/www.actualidadadiario.com\/index.php\/wp-json\/wp\/v2\/tags?post=115770"}],"curies":[{"name":"wp","href":"https:\/\/api.w.org\/{rel}","templated":true}]}}