{"id":115763,"date":"2024-06-07T11:09:21","date_gmt":"2024-06-07T14:09:21","guid":{"rendered":"https:\/\/www.actualidadadiario.com\/?p=115763"},"modified":"2024-06-07T11:09:21","modified_gmt":"2024-06-07T14:09:21","slug":"gobierno-y-upcn-acordaron-prueba-piloto-para-que-los-comedores-escolares-abran-los-fines-de-semana","status":"publish","type":"post","link":"https:\/\/www.actualidadadiario.com\/index.php\/2024\/06\/07\/gobierno-y-upcn-acordaron-prueba-piloto-para-que-los-comedores-escolares-abran-los-fines-de-semana\/","title":{"rendered":"Gobierno y UPCN acordaron prueba piloto para que los comedores escolares abran los fines de semana"},"content":{"rendered":"<p style=\"text-align: center;\"><em><strong>El gobierno provincial acord\u00f3 con la Uni\u00f3n Personal Civil de la Naci\u00f3n (UPCN) que permitir\u00e1 abrir algunas escuelas durante los fines de semana de invierno para que los alumnos puedan asistir al comedor escolar<\/strong><\/em><\/p>\n<p>&nbsp;<\/p>\n<p>&nbsp;<\/p>\n<p>&nbsp;<\/p>\n<p>En ese marco, la provincia asegura el espacio f\u00edsico y la seguridad, mientras que el sindicato provee los alimentos y el personal necesario para la elaboraci\u00f3n de cada comida.<\/p>\n<p>En la r\u00fabrica estuvo el gobernador Rogelio Frigerio y el secretario general de UPCN, Andr\u00e9s Rodr\u00edguez, acompa\u00f1ados por el ministro de Gobierno y Trabajo, Manuel Troncoso; la presidenta del Consejo General de Educaci\u00f3n, Alicia Fregonese; el secretario de Trabajo, Mariano Camoirano y el secretario general de la seccional Entre R\u00edos del gremio, Jos\u00e9 Allende.<\/p>\n<p>Troncoso expres\u00f3: \u00abHoy es un d\u00eda muy importante de cooperaci\u00f3n porque abriremos algunas escuelas los fines de semana junto al sindicato con el fin de alimentar a chicos en un contexto econ\u00f3mico y social muy dif\u00edcil, y porque el sindicato se puso a disposici\u00f3n con generosidad y solidaridad. Estamos contentos porque en esta acci\u00f3n conjunta vamos por el sendero que nos marc\u00f3 el gobernador, el del trabajo conjunto para mejorar la situaci\u00f3n de todos los entrerrianos.\u00bb<\/p>\n<p>Por su parte, Allende destac\u00f3: \u00abEsta decisi\u00f3n representa un granito de arena, es un gesto solidario y un compromiso de nuestra organizaci\u00f3n con la comunidad\u00bb, y agreg\u00f3: \u00abEsperamos que estas acciones se multipliquen\u00bb.<\/p>\n<p>Los detalles del convenio y la puesta en pr\u00e1ctica se definir\u00e1n en los pr\u00f3ximos d\u00edas.<\/p>\n","protected":false},"excerpt":{"rendered":"<p>El gobierno provincial acord\u00f3 con la Uni\u00f3n Personal Civil de la Naci\u00f3n (UPCN) que permitir\u00e1 abrir algunas escuelas durante los fines de semana de invierno para que los alumnos puedan asistir al comedor escolar &nbsp; &nbsp; &nbsp; En ese marco, la provincia asegura el espacio f\u00edsico y la seguridad, mientras que el sindicato provee los alimentos y el personal necesario para la elaboraci\u00f3n de cada comida. En la r\u00fabrica estuvo el gobernador Rogelio Frigerio y el secretario general de UPCN, Andr\u00e9s Rodr\u00edguez, acompa\u00f1ados por el ministro de Gobierno y Trabajo,&#8230;<\/p>\n","protected":false},"author":3,"featured_media":61616,"comment_status":"closed","ping_status":"closed","sticky":false,"template":"","format":"standard","meta":[],"categories":[15],"tags":[],"_links":{"self":[{"href":"https:\/\/www.actualidadadiario.com\/index.php\/wp-json\/wp\/v2\/posts\/115763"}],"collection":[{"href":"https:\/\/www.actualidadadiario.com\/index.php\/wp-json\/wp\/v2\/posts"}],"about":[{"href":"https:\/\/www.actualidadadiario.com\/index.php\/wp-json\/wp\/v2\/types\/post"}],"author":[{"embeddable":true,"href":"https:\/\/www.actualidadadiario.com\/index.php\/wp-json\/wp\/v2\/users\/3"}],"replies":[{"embeddable":true,"href":"https:\/\/www.actualidadadiario.com\/index.php\/wp-json\/wp\/v2\/comments?post=115763"}],"version-history":[{"count":1,"href":"https:\/\/www.actualidadadiario.com\/index.php\/wp-json\/wp\/v2\/posts\/115763\/revisions"}],"predecessor-version":[{"id":115764,"href":"https:\/\/www.actualidadadiario.com\/index.php\/wp-json\/wp\/v2\/posts\/115763\/revisions\/115764"}],"wp:featuredmedia":[{"embeddable":true,"href":"https:\/\/www.actualidadadiario.com\/index.php\/wp-json\/wp\/v2\/media\/61616"}],"wp:attachment":[{"href":"https:\/\/www.actualidadadiario.com\/index.php\/wp-json\/wp\/v2\/media?parent=115763"}],"wp:term":[{"taxonomy":"category","embeddable":true,"href":"https:\/\/www.actualidadadiario.com\/index.php\/wp-json\/wp\/v2\/categories?post=115763"},{"taxonomy":"post_tag","embeddable":true,"href":"https:\/\/www.actualidadadiario.com\/index.php\/wp-json\/wp\/v2\/tags?post=115763"}],"curies":[{"name":"wp","href":"https:\/\/api.w.org\/{rel}","templated":true}]}}