{"id":115759,"date":"2024-06-07T11:08:05","date_gmt":"2024-06-07T14:08:05","guid":{"rendered":"https:\/\/www.actualidadadiario.com\/?p=115759"},"modified":"2024-06-07T11:08:15","modified_gmt":"2024-06-07T14:08:15","slug":"el-pj-evaluo-la-situacion-de-kueider-y-muller","status":"publish","type":"post","link":"https:\/\/www.actualidadadiario.com\/index.php\/2024\/06\/07\/el-pj-evaluo-la-situacion-de-kueider-y-muller\/","title":{"rendered":"El PJ evalu\u00f3 la situaci\u00f3n de Kueider y M\u00fcller"},"content":{"rendered":"<p style=\"text-align: center;\"><em><strong>El Consejo Provincial del PJ se reuni\u00f3 el mi\u00e9rcoles bajo la modalidad semi virtual, con la participaci\u00f3n de autoridades de los Consejos Departamentales de toda la provincia. All\u00ed se abord\u00f3 la situaci\u00f3n del ex presidente del CGE, Mart\u00edn M\u00fcller, y del senador nacional Edgardo Kueider. El pr\u00f3ximo paso es la conformaci\u00f3n del Tribunal de Disciplina para el tratamiento de las presentaciones contra ambos<\/strong><\/em><\/p>\n<p>&nbsp;<\/p>\n<p>&nbsp;<\/p>\n<p>&nbsp;<\/p>\n<p>En la ronda de conversaci\u00f3n se trataron diversos temas pol\u00edticos, institucionales y partidarios. Uno de los temas fue el planteo de sanciones hacia algunos dirigentes acusados de indisciplina partidaria, entre ellos, el escrito del Consejo Departamental de Gualeguay hacia Mart\u00edn M\u00fcller.<\/p>\n<p>El ex titular del Consejo General de Educaci\u00f3n (CGE) ha sido duramente cuestionado por incorporarse al gobierno de Javiel Milei y el PJ Gualeguaych\u00fa solicit\u00f3 se lo desafilie del partido.<\/p>\n<p>Tambi\u00e9n se trat\u00f3 la situaci\u00f3n del senador Edgardo Kueider, pese a que a\u00fan falta la votaci\u00f3n de la Ley Bases en el Senado Nacional. Kueider fue repudiado por amplios sectores tras firmar el dictamen que permitir\u00e1 el tratamiento de ese proyecto en el Senado nacional.<\/p>\n<p>El presidente del Partido explic\u00f3 el procedimiento que indica la carta org\u00e1nica para esos casos e inform\u00f3 el ingreso de presentaciones en ese sentido. El pr\u00f3ximo paso ser\u00e1 la conformaci\u00f3n del Tribunal de Disciplina para el tratamiento de las presentaciones.<\/p>\n<p>&nbsp;<\/p>\n<p><strong>Otros temas<\/strong><\/p>\n<p>Durante el encuentro adem\u00e1s se present\u00f3 el Instituto de Estudios, Investigaci\u00f3n y Formaci\u00f3n Pol\u00edtica del Partido, a cargo de la profesora Celeste P\u00e9rez.<\/p>\n<p>El presidente, Jos\u00e9 C\u00e1ceres, estuvo a cargo de la apertura y luego la rectora del Instituto de Estudios, Investigaci\u00f3n y Formaci\u00f3n Pol\u00edtica, Prof. Celeste P\u00e9rez, llev\u00f3 adelante la presentaci\u00f3n del \u00f3rgano partidario y de las l\u00edneas de trabajo que se plantea desarrollar. Las y los participantes destacaron la importancia de la tarea de capacitaci\u00f3n, formaci\u00f3n, e informaci\u00f3n como parte de la militancia e hicieron hincapi\u00e9 en que su relevancia se acent\u00faa en el contexto actual.<\/p>\n<p>Por \u00faltimo, se convoc\u00f3 al encuentro organizado por el Consejo Departamental de Col\u00f3n a desarrollarse el pr\u00f3ximo s\u00e1bado a las 10 hs.<\/p>\n","protected":false},"excerpt":{"rendered":"<p>El Consejo Provincial del PJ se reuni\u00f3 el mi\u00e9rcoles bajo la modalidad semi virtual, con la participaci\u00f3n de autoridades de los Consejos Departamentales de toda la provincia. All\u00ed se abord\u00f3 la situaci\u00f3n del ex presidente del CGE, Mart\u00edn M\u00fcller, y del senador nacional Edgardo Kueider. El pr\u00f3ximo paso es la conformaci\u00f3n del Tribunal de Disciplina para el tratamiento de las presentaciones contra ambos &nbsp; &nbsp; &nbsp; En la ronda de conversaci\u00f3n se trataron diversos temas pol\u00edticos, institucionales y partidarios. Uno de los temas fue el planteo de sanciones hacia algunos&#8230;<\/p>\n","protected":false},"author":3,"featured_media":115760,"comment_status":"closed","ping_status":"closed","sticky":false,"template":"","format":"standard","meta":[],"categories":[15],"tags":[],"_links":{"self":[{"href":"https:\/\/www.actualidadadiario.com\/index.php\/wp-json\/wp\/v2\/posts\/115759"}],"collection":[{"href":"https:\/\/www.actualidadadiario.com\/index.php\/wp-json\/wp\/v2\/posts"}],"about":[{"href":"https:\/\/www.actualidadadiario.com\/index.php\/wp-json\/wp\/v2\/types\/post"}],"author":[{"embeddable":true,"href":"https:\/\/www.actualidadadiario.com\/index.php\/wp-json\/wp\/v2\/users\/3"}],"replies":[{"embeddable":true,"href":"https:\/\/www.actualidadadiario.com\/index.php\/wp-json\/wp\/v2\/comments?post=115759"}],"version-history":[{"count":2,"href":"https:\/\/www.actualidadadiario.com\/index.php\/wp-json\/wp\/v2\/posts\/115759\/revisions"}],"predecessor-version":[{"id":115762,"href":"https:\/\/www.actualidadadiario.com\/index.php\/wp-json\/wp\/v2\/posts\/115759\/revisions\/115762"}],"wp:featuredmedia":[{"embeddable":true,"href":"https:\/\/www.actualidadadiario.com\/index.php\/wp-json\/wp\/v2\/media\/115760"}],"wp:attachment":[{"href":"https:\/\/www.actualidadadiario.com\/index.php\/wp-json\/wp\/v2\/media?parent=115759"}],"wp:term":[{"taxonomy":"category","embeddable":true,"href":"https:\/\/www.actualidadadiario.com\/index.php\/wp-json\/wp\/v2\/categories?post=115759"},{"taxonomy":"post_tag","embeddable":true,"href":"https:\/\/www.actualidadadiario.com\/index.php\/wp-json\/wp\/v2\/tags?post=115759"}],"curies":[{"name":"wp","href":"https:\/\/api.w.org\/{rel}","templated":true}]}}