{"id":115756,"date":"2024-06-07T11:06:46","date_gmt":"2024-06-07T14:06:46","guid":{"rendered":"https:\/\/www.actualidadadiario.com\/?p=115756"},"modified":"2024-06-07T11:06:46","modified_gmt":"2024-06-07T14:06:46","slug":"frigerio-anuncio-aumentos-para-la-policia-de-entre-rios","status":"publish","type":"post","link":"https:\/\/www.actualidadadiario.com\/index.php\/2024\/06\/07\/frigerio-anuncio-aumentos-para-la-policia-de-entre-rios\/","title":{"rendered":"Frigerio anunci\u00f3 aumentos para la Polic\u00eda de Entre R\u00edos"},"content":{"rendered":"<p style=\"text-align: center;\"><em><strong>Desde el puesto caminero entrerriano, que est\u00e1 ubicado en la rotonda del enlace vial Victoria &#8211; Rosario, el gobernador Rogelio Frigerio junto al ministro de Seguridad y Justicia, N\u00e9stor Roncaglia, y la intendenta de Victoria, Isa Castagnino, anunci\u00f3 aumentos para la Polic\u00eda de Entre R\u00edos<\/strong><\/em><\/p>\n<p>&nbsp;<\/p>\n<p>&nbsp;<\/p>\n<p>El mandatario precis\u00f3 que no sin esfuerzo, &#8220;hemos decidido dar dos aumentos vinculados con cuestiones espec\u00edficas de nuestra polic\u00eda: uno en el c\u00f3digo 286, que es el que establece tareas de riesgo&#8221;.<\/p>\n<p>En este sentido, dijo estar en conocimiento de los allanamientos que realiza la polic\u00eda, de la recuperaci\u00f3n de estupefacientes o de armas, y cada uno de esos actos obviamente implican &#8220;poner en riesgo la vida y eso tiene que tener una contraprestaci\u00f3n por parte del Estado&#8221;. A lo que agreg\u00f3 el incremento del c\u00f3digo 244, para los cargos de conducci\u00f3n, m\u00e1s la suma fija.<\/p>\n<p>Frigerio asegur\u00f3 que &#8220;son obviamente cuestiones que no alcanzan en una situaci\u00f3n tan complicada como la que nos toca vivir a los argentinos y en particular a los entrerrianos&#8221;, pero que de alguna manera van a &#8220;resarcir y retribuir el enorme esfuerzo&#8221; que realizan. &#8220;Como gobernador me hago eco de lo que piensan todos los entrerrianos respecto a nuestra polic\u00eda y a la garant\u00eda de paz y tranquilidad social, que nos brindan todos los d\u00edas. As\u00ed que aprovecho hoy, como hago siempre, para agradecerles: much\u00edsimas gracias&#8221;.<\/p>\n<p>En ese marco, el ministro de Seguridad y Justicia, N\u00e9stor Roncaglia, valor\u00f3 el trabajo que realiza la Polic\u00eda de Entre R\u00edos y por ello es el reconocimiento: &#8220;por actividad riesgosa y peligrosa&#8221; que cumplen todos los polic\u00edas. &#8220;Eso es una excepci\u00f3n y debe ser considerado&#8221;, afirm\u00f3 tras el anuncio del aumento en dos c\u00f3digos de los haberes de los polic\u00edas.<\/p>\n<p>P\u00e1rrafo seguido, se refiri\u00f3 a un elemento valioso que tiene la fuerza policial, que es &#8220;ese servicio que brinda permanentemente a la comunidad en toda la provincia. En todos los rincones de la provincia est\u00e1 la Polic\u00eda de Entre R\u00edos y lo reconocemos. Es un trabajo arduo, permanente, 24 horas los siete d\u00edas de la semana, los 365 d\u00edas del a\u00f1o&#8221;, concluy\u00f3.<\/p>\n<p>De la ceremonia tambi\u00e9n participaron la diputada provincial Laura Stratta y el senador V\u00edctor Sanzberro.<\/p>\n<p>&nbsp;<\/p>\n<p><strong>Detalles del aumento<\/strong><\/p>\n<p>Uno de los aumentos es en el c\u00f3digo 286 que perciben todos los agentes de la Polic\u00eda de Entre R\u00edos, denominado &#8220;por riesgo y peligrosidad&#8221;. Se trata de 10.000 pesos en las jerarqu\u00edas de suboficiales, 15.000 en las jerarqu\u00edas medias de oficiales y 20.000 en las jerarqu\u00edas de oficiales jefes. Con este incremento, un agente de seguridad que trabaja en una comisar\u00eda (el primer escal\u00f3n), va a cobrar a partir de 678.271,52 pesos.<\/p>\n<p>El otro incremento anunciado es del 5 por ciento en el c\u00f3digo 244, que s\u00f3lo lo perciben los oficiales que tienen a su vez cargos jer\u00e1rquicos o de conducci\u00f3n.<\/p>\n","protected":false},"excerpt":{"rendered":"<p>Desde el puesto caminero entrerriano, que est\u00e1 ubicado en la rotonda del enlace vial Victoria &#8211; Rosario, el gobernador Rogelio Frigerio junto al ministro de Seguridad y Justicia, N\u00e9stor Roncaglia, y la intendenta de Victoria, Isa Castagnino, anunci\u00f3 aumentos para la Polic\u00eda de Entre R\u00edos &nbsp; &nbsp; El mandatario precis\u00f3 que no sin esfuerzo, &#8220;hemos decidido dar dos aumentos vinculados con cuestiones espec\u00edficas de nuestra polic\u00eda: uno en el c\u00f3digo 286, que es el que establece tareas de riesgo&#8221;. En este sentido, dijo estar en conocimiento de los allanamientos que&#8230;<\/p>\n","protected":false},"author":3,"featured_media":115757,"comment_status":"closed","ping_status":"closed","sticky":false,"template":"","format":"standard","meta":[],"categories":[15],"tags":[],"_links":{"self":[{"href":"https:\/\/www.actualidadadiario.com\/index.php\/wp-json\/wp\/v2\/posts\/115756"}],"collection":[{"href":"https:\/\/www.actualidadadiario.com\/index.php\/wp-json\/wp\/v2\/posts"}],"about":[{"href":"https:\/\/www.actualidadadiario.com\/index.php\/wp-json\/wp\/v2\/types\/post"}],"author":[{"embeddable":true,"href":"https:\/\/www.actualidadadiario.com\/index.php\/wp-json\/wp\/v2\/users\/3"}],"replies":[{"embeddable":true,"href":"https:\/\/www.actualidadadiario.com\/index.php\/wp-json\/wp\/v2\/comments?post=115756"}],"version-history":[{"count":1,"href":"https:\/\/www.actualidadadiario.com\/index.php\/wp-json\/wp\/v2\/posts\/115756\/revisions"}],"predecessor-version":[{"id":115758,"href":"https:\/\/www.actualidadadiario.com\/index.php\/wp-json\/wp\/v2\/posts\/115756\/revisions\/115758"}],"wp:featuredmedia":[{"embeddable":true,"href":"https:\/\/www.actualidadadiario.com\/index.php\/wp-json\/wp\/v2\/media\/115757"}],"wp:attachment":[{"href":"https:\/\/www.actualidadadiario.com\/index.php\/wp-json\/wp\/v2\/media?parent=115756"}],"wp:term":[{"taxonomy":"category","embeddable":true,"href":"https:\/\/www.actualidadadiario.com\/index.php\/wp-json\/wp\/v2\/categories?post=115756"},{"taxonomy":"post_tag","embeddable":true,"href":"https:\/\/www.actualidadadiario.com\/index.php\/wp-json\/wp\/v2\/tags?post=115756"}],"curies":[{"name":"wp","href":"https:\/\/api.w.org\/{rel}","templated":true}]}}