{"id":115750,"date":"2024-06-07T11:03:52","date_gmt":"2024-06-07T14:03:52","guid":{"rendered":"https:\/\/www.actualidadadiario.com\/?p=115750"},"modified":"2024-06-07T11:03:52","modified_gmt":"2024-06-07T14:03:52","slug":"la-region-centro-va-a-generar-los-dolares-para-la-activar-la-economia","status":"publish","type":"post","link":"https:\/\/www.actualidadadiario.com\/index.php\/2024\/06\/07\/la-region-centro-va-a-generar-los-dolares-para-la-activar-la-economia\/","title":{"rendered":"&#8220;La Regi\u00f3n Centro va a generar los d\u00f3lares para la activar la econom\u00eda&#8221;"},"content":{"rendered":"<p style=\"text-align: center;\"><em><strong>Los gobernadores de la Regi\u00f3n Centro hablaron este jueves sobre la importancia de Santa Fe, Entre R\u00edos y C\u00f3rdoba para la generaci\u00f3n de d\u00f3lares para la econom\u00eda. Se mostraron unidos y con un claro mensaje a Javier Milei, que estuvo presente en la Agroactiva<\/strong><\/em><\/p>\n<p>&nbsp;<\/p>\n<p>&nbsp;<\/p>\n<p>La Agroactiva 2024 que se realiza en Amstrong, Santa Fe, tuvo un condimento pol\u00edtico muy importante este jueves con la llegada del presidente Javier Milei; algo que los tres gobernadores presentes \u2013 Maximiliano Pullaro, Rogelio Frigerio y Mart\u00edn Llaryora \u2013 no dejaron pasar desapercibido e intentaron mostrarse unidos ante el contexto nacional.<\/p>\n<p>Incluso, los tres mandatarios de Santa Fe, Entre R\u00edos y C\u00f3rdoba dieron mensajes similares en el que preponderaron a las tres provincias de la Regi\u00f3n Centro como las que van &#8220;a generar los d\u00f3lares necesarios para activar la econom\u00eda del pa\u00eds&#8221;.<\/p>\n<p>\u201cArgentina saldr\u00e1 adelante si mejoramos nuestro sector productivo\u201d, fueron las palabras utilizadas por Pullaro en la apertura de la megamuestra agropecuaria, escuchadas atentamente por el secretario de Bioeconom\u00eda de la Naci\u00f3n, Fernando Vilella.<\/p>\n<p>El gobernador santafesino se refiri\u00f3 a la Regi\u00f3n Centro como &#8220;el coraz\u00f3n productivo de la Rep\u00fablica Argentina y de Am\u00e9rica Latina&#8221;, y subray\u00f3 la importancia de que &#8220;el Gobierno Nacional est\u00e9 presente y pueda ver lo que es el campo, lo que es la industria y lo que representamos\u201d. En esta l\u00ednea, Pullaro dijo: \u201cNosotros somos esto, somos el campo, la industria, la innovaci\u00f3n productiva y las universidades. Somos los que vamos a sacar a la Argentina adelante. Para que el pa\u00eds mejore, tiene que mejorar el sistema productivo&#8221;. Llaryora, por su parte, dijo que en Agroactiva se ratifica que \u201cel campo en su gran expresi\u00f3n es producci\u00f3n, innovaci\u00f3n, tecnolog\u00eda y es lo que vamos a vivir de ahora en adelante&#8221;.<\/p>\n<p>&#8220;El campo siempre le da un valor agregado a nuestro pa\u00eds. Es la producci\u00f3n de la Regi\u00f3n Centro la que va a generar los d\u00f3lares que hacen falta para activar la econom\u00eda\u201d, asever\u00f3 el gobernador cordob\u00e9s. En el mismo sentido, Frigerio remarc\u00f3 que la Agroactiva \u201ces la muestra agr\u00edcola m\u00e1s importante del pa\u00eds y es de la Regi\u00f3n Centro. Nunca como Regi\u00f3n hemos estado tan juntos, defendiendo lo que corresponde defender. Es importante que potenciemos al campo porque, como en cada crisis, es lo que nos va a sacar de la crisis en la que est\u00e1 el pa\u00eds\u201d.<\/p>\n<p>&nbsp;<\/p>\n<p><strong>La mirada de Naci\u00f3n sobre la Regi\u00f3n Centro<\/strong><\/p>\n<p>El secretario de Bioeconom\u00eda de la Naci\u00f3n, Fernando Vilella, tambi\u00e9n tom\u00f3 la palabra en el evento y expres\u00f3: \u201cEs un verdadero gusto y un honor poder estar aqu\u00ed en el coraz\u00f3n de la pampa gringa, que sostuvo, sostiene y sostendr\u00e1 buena parte de la econom\u00eda de la Argentina&#8221;. &#8220;Est\u00e1n presentes los tres gobernadores de las provincias del Centro, una regi\u00f3n que con su potencial productivo impulsar\u00e1 a este sector que ha estado adormecido y, as\u00ed, generar\u00e1n condiciones para salir de la crisis que estamos atravesando desde hace tiempo\u201d, postul\u00f3.<\/p>\n","protected":false},"excerpt":{"rendered":"<p>Los gobernadores de la Regi\u00f3n Centro hablaron este jueves sobre la importancia de Santa Fe, Entre R\u00edos y C\u00f3rdoba para la generaci\u00f3n de d\u00f3lares para la econom\u00eda. Se mostraron unidos y con un claro mensaje a Javier Milei, que estuvo presente en la Agroactiva &nbsp; &nbsp; La Agroactiva 2024 que se realiza en Amstrong, Santa Fe, tuvo un condimento pol\u00edtico muy importante este jueves con la llegada del presidente Javier Milei; algo que los tres gobernadores presentes \u2013 Maximiliano Pullaro, Rogelio Frigerio y Mart\u00edn Llaryora \u2013 no dejaron pasar desapercibido&#8230;<\/p>\n","protected":false},"author":3,"featured_media":115751,"comment_status":"closed","ping_status":"closed","sticky":false,"template":"","format":"standard","meta":[],"categories":[9],"tags":[],"_links":{"self":[{"href":"https:\/\/www.actualidadadiario.com\/index.php\/wp-json\/wp\/v2\/posts\/115750"}],"collection":[{"href":"https:\/\/www.actualidadadiario.com\/index.php\/wp-json\/wp\/v2\/posts"}],"about":[{"href":"https:\/\/www.actualidadadiario.com\/index.php\/wp-json\/wp\/v2\/types\/post"}],"author":[{"embeddable":true,"href":"https:\/\/www.actualidadadiario.com\/index.php\/wp-json\/wp\/v2\/users\/3"}],"replies":[{"embeddable":true,"href":"https:\/\/www.actualidadadiario.com\/index.php\/wp-json\/wp\/v2\/comments?post=115750"}],"version-history":[{"count":1,"href":"https:\/\/www.actualidadadiario.com\/index.php\/wp-json\/wp\/v2\/posts\/115750\/revisions"}],"predecessor-version":[{"id":115752,"href":"https:\/\/www.actualidadadiario.com\/index.php\/wp-json\/wp\/v2\/posts\/115750\/revisions\/115752"}],"wp:featuredmedia":[{"embeddable":true,"href":"https:\/\/www.actualidadadiario.com\/index.php\/wp-json\/wp\/v2\/media\/115751"}],"wp:attachment":[{"href":"https:\/\/www.actualidadadiario.com\/index.php\/wp-json\/wp\/v2\/media?parent=115750"}],"wp:term":[{"taxonomy":"category","embeddable":true,"href":"https:\/\/www.actualidadadiario.com\/index.php\/wp-json\/wp\/v2\/categories?post=115750"},{"taxonomy":"post_tag","embeddable":true,"href":"https:\/\/www.actualidadadiario.com\/index.php\/wp-json\/wp\/v2\/tags?post=115750"}],"curies":[{"name":"wp","href":"https:\/\/api.w.org\/{rel}","templated":true}]}}