{"id":115746,"date":"2024-06-06T15:13:42","date_gmt":"2024-06-06T18:13:42","guid":{"rendered":"https:\/\/www.actualidadadiario.com\/?p=115746"},"modified":"2024-06-06T15:13:42","modified_gmt":"2024-06-06T18:13:42","slug":"preocupacion-mundial-confirmaron-la-primera-muerte-de-una-persona-por-gripe-aviar","status":"publish","type":"post","link":"https:\/\/www.actualidadadiario.com\/index.php\/2024\/06\/06\/preocupacion-mundial-confirmaron-la-primera-muerte-de-una-persona-por-gripe-aviar\/","title":{"rendered":"Preocupaci\u00f3n mundial: confirmaron la primera muerte de una persona por gripe aviar"},"content":{"rendered":"<p style=\"text-align: center;\"><em><strong>Desde la OMS aseguraron que la v\u00edctima no hab\u00eda estado expuesta a aves de corral u otras especies<\/strong><\/em><\/p>\n<p>&nbsp;<\/p>\n<p>&nbsp;<\/p>\n<p>La Organizaci\u00f3n Mundial de la Salud (OMS) confirm\u00f3 la primera muerte humana por gripe aviar A (H5N2) en el mundo. En M\u00e9xico, un laboratorio detect\u00f3 el caso en un residente de 69 a\u00f1os que tuvo diferentes s\u00edntomas antes de morir, el 24 de abril de este a\u00f1o. La persona estuvo tres semanas en cama y padeci\u00f3 fiebre, diarrea, malestar general, n\u00e1useas y dificultad respiratoria.<\/p>\n<p>Desde el organismo aseguraron que la v\u00edctima no hab\u00eda estado expuesta a aves de corral u otras especies. Es el primer caso mundial este tipo de gripe aviar que termina en una muerte, por lo que caus\u00f3 preocupaci\u00f3n m\u00e1xima en M\u00e9xico, que ya hab\u00eda sido alertado a cerca de otros casos del subtipo A (H5N2) en aves, inform\u00f3 Radio Mitre.<\/p>\n<p>A trav\u00e9s de un comunicado, el organismo que preside Tedros Adhanom Ghebreyesus, anunci\u00f3 que es el \u00fanico caso de esta cepa registrada en M\u00e9xico y explicaron que \u00abuna infecci\u00f3n humana causada por un nuevo subtipo del virus de la influenza A es un evento que tiene el potencial de tener un alto impacto en la salud p\u00fablica y debe notificarse a la OMS\u00bb.<\/p>\n<p>Tambi\u00e9n consideraron que \u00absobre la base de la informaci\u00f3n disponible, la OMS eval\u00faa como bajo el riesgo actual que representa este virus para la poblaci\u00f3n general\u00bb. En cuanto al paciente, comentaron acerca de su historial cl\u00ednico que \u00abten\u00eda m\u00faltiples condiciones m\u00e9dicas subyacentes\u00bb.<\/p>\n<p>&nbsp;<\/p>\n<p><strong>Primeros s\u00edntomas<\/strong><\/p>\n<p>\u00abLos familiares informaron que ya hab\u00eda estado postrado en cama durante tres semanas, por otros motivos, antes de la aparici\u00f3n de los s\u00edntomas agudos\u00bb, agreg\u00f3 la organizaci\u00f3n. \u00abEl 17 de abril, el paciente desarroll\u00f3 fiebre, dificultad para respirar, diarrea, n\u00e1useas y malestar general\u00bb, relataron sobre los primeros s\u00edntomas.<\/p>\n<p>Ahora bien, el hombre muri\u00f3 el mismo d\u00eda en que fue internado: \u00abEl 24 de abril busc\u00f3 atenci\u00f3n m\u00e9dica, fue hospitalizado en el Instituto Nacional de Enfermedades Respiratorias \u2018Ismael Cosio Villegas\u2019 (INER) y falleci\u00f3 ese mismo d\u00eda por complicaciones de su padecimiento\u00bb.<\/p>\n","protected":false},"excerpt":{"rendered":"<p>Desde la OMS aseguraron que la v\u00edctima no hab\u00eda estado expuesta a aves de corral u otras especies &nbsp; &nbsp; La Organizaci\u00f3n Mundial de la Salud (OMS) confirm\u00f3 la primera muerte humana por gripe aviar A (H5N2) en el mundo. En M\u00e9xico, un laboratorio detect\u00f3 el caso en un residente de 69 a\u00f1os que tuvo diferentes s\u00edntomas antes de morir, el 24 de abril de este a\u00f1o. La persona estuvo tres semanas en cama y padeci\u00f3 fiebre, diarrea, malestar general, n\u00e1useas y dificultad respiratoria. Desde el organismo aseguraron que la&#8230;<\/p>\n","protected":false},"author":3,"featured_media":115747,"comment_status":"closed","ping_status":"closed","sticky":false,"template":"","format":"standard","meta":[],"categories":[4],"tags":[],"_links":{"self":[{"href":"https:\/\/www.actualidadadiario.com\/index.php\/wp-json\/wp\/v2\/posts\/115746"}],"collection":[{"href":"https:\/\/www.actualidadadiario.com\/index.php\/wp-json\/wp\/v2\/posts"}],"about":[{"href":"https:\/\/www.actualidadadiario.com\/index.php\/wp-json\/wp\/v2\/types\/post"}],"author":[{"embeddable":true,"href":"https:\/\/www.actualidadadiario.com\/index.php\/wp-json\/wp\/v2\/users\/3"}],"replies":[{"embeddable":true,"href":"https:\/\/www.actualidadadiario.com\/index.php\/wp-json\/wp\/v2\/comments?post=115746"}],"version-history":[{"count":1,"href":"https:\/\/www.actualidadadiario.com\/index.php\/wp-json\/wp\/v2\/posts\/115746\/revisions"}],"predecessor-version":[{"id":115748,"href":"https:\/\/www.actualidadadiario.com\/index.php\/wp-json\/wp\/v2\/posts\/115746\/revisions\/115748"}],"wp:featuredmedia":[{"embeddable":true,"href":"https:\/\/www.actualidadadiario.com\/index.php\/wp-json\/wp\/v2\/media\/115747"}],"wp:attachment":[{"href":"https:\/\/www.actualidadadiario.com\/index.php\/wp-json\/wp\/v2\/media?parent=115746"}],"wp:term":[{"taxonomy":"category","embeddable":true,"href":"https:\/\/www.actualidadadiario.com\/index.php\/wp-json\/wp\/v2\/categories?post=115746"},{"taxonomy":"post_tag","embeddable":true,"href":"https:\/\/www.actualidadadiario.com\/index.php\/wp-json\/wp\/v2\/tags?post=115746"}],"curies":[{"name":"wp","href":"https:\/\/api.w.org\/{rel}","templated":true}]}}