{"id":115687,"date":"2024-06-06T11:03:18","date_gmt":"2024-06-06T14:03:18","guid":{"rendered":"https:\/\/www.actualidadadiario.com\/?p=115687"},"modified":"2024-06-06T11:03:18","modified_gmt":"2024-06-06T14:03:18","slug":"este-jueves-se-elige-el-nuevo-vocal-de-jubilados-en-la-caja-de-jubilaciones-de-la-provincia","status":"publish","type":"post","link":"https:\/\/www.actualidadadiario.com\/index.php\/2024\/06\/06\/este-jueves-se-elige-el-nuevo-vocal-de-jubilados-en-la-caja-de-jubilaciones-de-la-provincia\/","title":{"rendered":"Este jueves se elige el nuevo vocal de jubilados en la Caja de Jubilaciones de la provincia"},"content":{"rendered":"<p style=\"text-align: center;\"><em><strong>Hay tres candidatos: Claudia Vallori de Federaci\u00f3n de Jubilados de Entre R\u00edos; Carlos P\u00e9rez de C\u00edrculo de Retirados y Pensionados de la Polic\u00eda de Entre R\u00edos y Elba Esteve en representaci\u00f3n de Agmer y ATE. El horario de votaci\u00f3n es de 8 a 16 y es la primera vez que se realice con boleta \u00fanica<\/strong><\/em><\/p>\n<p>&nbsp;<\/p>\n<p>&nbsp;<\/p>\n<p>Este jueves de 8 a 16 se lleva a cabo la elecci\u00f3n del nuevo vocal de los jubilados de la Caja de Jubilaciones y Pensiones de Entre R\u00edos. Habr\u00e1 52 mesas habilitadas, distribuidas en 40 puntos de votaci\u00f3n en todo el territorio provincial para que jubilados, pensionados y retirados voten, por primera vez, con boleta \u00fanica.<\/p>\n<p>La elecci\u00f3n abarca a las localidades de Col\u00f3n, Villa Elisa, San Jos\u00e9, Concordia, Paran\u00e1, Oro Verde, Rosario del Tala, Concepci\u00f3n del Uruguay, Basavilbaso, Victoria, Villaguay, Crespo, Viale, San Salvador, Ibicuy, Maci\u00e1, Mar\u00eda Grande, Segu\u00ed, Federal, Sauce de Luna, Cerrito, Hasenkamp, Hernandarias, Concordia, Diamante, General Ram\u00edrez, Federaci\u00f3n, Chajar\u00ed, San Jos\u00e9 de Feliciano, Gualeguay, Galarza, Gualeguaych\u00fa, Urdinarrain, La Paz, Santa Elena, Bovril, Alcaraz, Nogoy\u00e1, Lucas Gonz\u00e1lez, Hern\u00e1ndez y\u00a0 Aranguren.<\/p>\n<p>&nbsp;<\/p>\n<p><strong>Participan tres listas:<\/strong><\/p>\n<ul>\n<li><strong>Lista 1:<\/strong> Claudia &#8211; Vallori (Federaci\u00f3n de Jubilados de Entre R\u00edos)<\/li>\n<li><strong>Lista 2:<\/strong> Carlos P\u00e9rez (C\u00edrculo de Retirados y Pensionados de la Polic\u00eda de Entre R\u00edos)<\/li>\n<li><strong>Lista 3:<\/strong> Elba Esteve (Asociaci\u00f3n Gremial del Magisterio de Entre R\u00edos y Asociaci\u00f3n de Trabajadores del Estado)<\/li>\n<\/ul>\n<p>Desde la Caja de Jubilaciones invitan a la participaci\u00f3n de todos los beneficiarios del sistema previsional para \u201casegurar una representaci\u00f3n adecuada y efectiva\u201d. \u201cLa elecci\u00f3n del vocal de los jubilados es fundamental en la defensa de los derechos y beneficios de los jubilados, pensionados y retirados, asegurando que sus voces sean escuchadas y sus necesidades atendidas en la Caja de Jubilaciones y Pensiones de Entre R\u00edos\u201d, expresaron.<\/p>\n","protected":false},"excerpt":{"rendered":"<p>Hay tres candidatos: Claudia Vallori de Federaci\u00f3n de Jubilados de Entre R\u00edos; Carlos P\u00e9rez de C\u00edrculo de Retirados y Pensionados de la Polic\u00eda de Entre R\u00edos y Elba Esteve en representaci\u00f3n de Agmer y ATE. El horario de votaci\u00f3n es de 8 a 16 y es la primera vez que se realice con boleta \u00fanica &nbsp; &nbsp; Este jueves de 8 a 16 se lleva a cabo la elecci\u00f3n del nuevo vocal de los jubilados de la Caja de Jubilaciones y Pensiones de Entre R\u00edos. Habr\u00e1 52 mesas habilitadas, distribuidas&#8230;<\/p>\n","protected":false},"author":3,"featured_media":60679,"comment_status":"closed","ping_status":"closed","sticky":false,"template":"","format":"standard","meta":[],"categories":[15],"tags":[],"_links":{"self":[{"href":"https:\/\/www.actualidadadiario.com\/index.php\/wp-json\/wp\/v2\/posts\/115687"}],"collection":[{"href":"https:\/\/www.actualidadadiario.com\/index.php\/wp-json\/wp\/v2\/posts"}],"about":[{"href":"https:\/\/www.actualidadadiario.com\/index.php\/wp-json\/wp\/v2\/types\/post"}],"author":[{"embeddable":true,"href":"https:\/\/www.actualidadadiario.com\/index.php\/wp-json\/wp\/v2\/users\/3"}],"replies":[{"embeddable":true,"href":"https:\/\/www.actualidadadiario.com\/index.php\/wp-json\/wp\/v2\/comments?post=115687"}],"version-history":[{"count":1,"href":"https:\/\/www.actualidadadiario.com\/index.php\/wp-json\/wp\/v2\/posts\/115687\/revisions"}],"predecessor-version":[{"id":115688,"href":"https:\/\/www.actualidadadiario.com\/index.php\/wp-json\/wp\/v2\/posts\/115687\/revisions\/115688"}],"wp:featuredmedia":[{"embeddable":true,"href":"https:\/\/www.actualidadadiario.com\/index.php\/wp-json\/wp\/v2\/media\/60679"}],"wp:attachment":[{"href":"https:\/\/www.actualidadadiario.com\/index.php\/wp-json\/wp\/v2\/media?parent=115687"}],"wp:term":[{"taxonomy":"category","embeddable":true,"href":"https:\/\/www.actualidadadiario.com\/index.php\/wp-json\/wp\/v2\/categories?post=115687"},{"taxonomy":"post_tag","embeddable":true,"href":"https:\/\/www.actualidadadiario.com\/index.php\/wp-json\/wp\/v2\/tags?post=115687"}],"curies":[{"name":"wp","href":"https:\/\/api.w.org\/{rel}","templated":true}]}}