{"id":115671,"date":"2024-06-05T14:58:28","date_gmt":"2024-06-05T17:58:28","guid":{"rendered":"https:\/\/www.actualidadadiario.com\/?p=115671"},"modified":"2024-06-05T14:58:28","modified_gmt":"2024-06-05T17:58:28","slug":"milei-insistio-sobre-la-reforma-jubilatoria-les-voy-a-vetar-todo-me-importa-tres-carajos","status":"publish","type":"post","link":"https:\/\/www.actualidadadiario.com\/index.php\/2024\/06\/05\/milei-insistio-sobre-la-reforma-jubilatoria-les-voy-a-vetar-todo-me-importa-tres-carajos\/","title":{"rendered":"Milei insisti\u00f3 sobre la reforma jubilatoria: &#8220;Les voy a vetar todo, me importa tres carajos&#8221;"},"content":{"rendered":"<p style=\"text-align: center;\"><em><strong>El Presidente volvi\u00f3 a criticar la media sanci\u00f3n en la C\u00e1mara baja y calific\u00f3 a los legisladores como degenerados fiscales<\/strong><\/em><\/p>\n<p>&nbsp;<\/p>\n<p>&nbsp;<\/p>\n<p>El presidente Javier Milei nuevamente se refiri\u00f3 a la media sanci\u00f3n de la reforma jubilatoria en Diputados. &#8220;Les voy a vetar todo, me importa tres carajos&#8221;, lanz\u00f3 ante empresarios en Parque Norte. Adem\u00e1s, calific\u00f3 a los legisladores como \u201cdegenerados fiscales\u201d.<\/p>\n<p>&#8220;Vamos a seguir dando la pelea. Y cada vez que los degenerados fiscales de la pol\u00edtica quieran ir a romper el equilibrio fiscal les voy a vetar todo, me importa tres carajos&#8221;, apunt\u00f3.<\/p>\n<p>El Presidente se jact\u00f3 de haber &#8220;echado a 25 mil empleados estatales&#8221; y anticip\u00f3 que proceder\u00e1 a &#8220;despedir a 50 mil m\u00e1s&#8221;, al tiempo que ratific\u00f3 su intenci\u00f3n de vetar la eventual nueva f\u00f3rmula jubilatoria.<\/p>\n<p>Al exponer en el cierre del Latam Economic Forum, organizado en el complejo de Parque Norte, el jefe de Estado se refiri\u00f3 tambi\u00e9n a las cr\u00edticas contra el ajuste que impulsa el Gobierno de La Libertad Avanza. &#8220;Empezaron a cuestionar su calidad: de 123 a\u00f1os tuvimos 113 de d\u00e9ficit. No era f\u00e1cil hacerlo&#8221;, se quej\u00f3.<\/p>\n<p>Y agreg\u00f3: &#8220;A diferencia de otros, que con ajuste de medio punto terminaron volando por los aires, nosotros hicimos un ajuste de siete, estamos ac\u00e1 parados y vamos a seguir dando la pelea&#8221;.<\/p>\n<p>Con respecto al equilibrio fiscal y a la media sanci\u00f3n que obtuvo en Diputados el proyecto para reformar la f\u00f3rmula jubilatoria, el l\u00edder libertario manifest\u00f3: &#8220;Cada vez que los degenerados fiscales de la pol\u00edtica quieran ir a romperlo, les voy a vetar todo. Me importa tres carajos&#8221;.<\/p>\n<p>&nbsp;<\/p>\n<p><strong>D\u00f3lar: ante empresarios, Javier Milei precis\u00f3 las dos condiciones que necesita para levantar el cepo<\/strong><\/p>\n<p>En sus declaraciones, Milei tambi\u00e9n asegur\u00f3 que para levantar el cepo al d\u00f3lar necesita principalmente &#8220;terminar con el problema de los pasivos remunerados&#8221; del Banco Central (BCRA) y luego con el de los puts para los bancos, que -explic\u00f3- est\u00e1 &#8220;encaminado&#8221;. &#8220;Estamos trabajando para resolver ese problema, cuando lo hagamos, chau cepo&#8221;, asegur\u00f3.<\/p>\n<p>&#8220;Lo primero que hab\u00eda que hacer era sincerar el mercado de cambios. La opci\u00f3n liberar no estaba en los planes porque con los problemas de stocks que ten\u00edamos era el camino a una hiper&#8221;, explic\u00f3 sobre la posibilidad de levantar el cepo ante los empresarios en el Latam Economic Forum en Parque Norte.<\/p>\n","protected":false},"excerpt":{"rendered":"<p>El Presidente volvi\u00f3 a criticar la media sanci\u00f3n en la C\u00e1mara baja y calific\u00f3 a los legisladores como degenerados fiscales &nbsp; &nbsp; El presidente Javier Milei nuevamente se refiri\u00f3 a la media sanci\u00f3n de la reforma jubilatoria en Diputados. &#8220;Les voy a vetar todo, me importa tres carajos&#8221;, lanz\u00f3 ante empresarios en Parque Norte. Adem\u00e1s, calific\u00f3 a los legisladores como \u201cdegenerados fiscales\u201d. &#8220;Vamos a seguir dando la pelea. Y cada vez que los degenerados fiscales de la pol\u00edtica quieran ir a romper el equilibrio fiscal les voy a vetar todo,&#8230;<\/p>\n","protected":false},"author":3,"featured_media":115672,"comment_status":"closed","ping_status":"closed","sticky":false,"template":"","format":"standard","meta":[],"categories":[18],"tags":[],"_links":{"self":[{"href":"https:\/\/www.actualidadadiario.com\/index.php\/wp-json\/wp\/v2\/posts\/115671"}],"collection":[{"href":"https:\/\/www.actualidadadiario.com\/index.php\/wp-json\/wp\/v2\/posts"}],"about":[{"href":"https:\/\/www.actualidadadiario.com\/index.php\/wp-json\/wp\/v2\/types\/post"}],"author":[{"embeddable":true,"href":"https:\/\/www.actualidadadiario.com\/index.php\/wp-json\/wp\/v2\/users\/3"}],"replies":[{"embeddable":true,"href":"https:\/\/www.actualidadadiario.com\/index.php\/wp-json\/wp\/v2\/comments?post=115671"}],"version-history":[{"count":1,"href":"https:\/\/www.actualidadadiario.com\/index.php\/wp-json\/wp\/v2\/posts\/115671\/revisions"}],"predecessor-version":[{"id":115673,"href":"https:\/\/www.actualidadadiario.com\/index.php\/wp-json\/wp\/v2\/posts\/115671\/revisions\/115673"}],"wp:featuredmedia":[{"embeddable":true,"href":"https:\/\/www.actualidadadiario.com\/index.php\/wp-json\/wp\/v2\/media\/115672"}],"wp:attachment":[{"href":"https:\/\/www.actualidadadiario.com\/index.php\/wp-json\/wp\/v2\/media?parent=115671"}],"wp:term":[{"taxonomy":"category","embeddable":true,"href":"https:\/\/www.actualidadadiario.com\/index.php\/wp-json\/wp\/v2\/categories?post=115671"},{"taxonomy":"post_tag","embeddable":true,"href":"https:\/\/www.actualidadadiario.com\/index.php\/wp-json\/wp\/v2\/tags?post=115671"}],"curies":[{"name":"wp","href":"https:\/\/api.w.org\/{rel}","templated":true}]}}