{"id":115668,"date":"2024-06-05T14:57:18","date_gmt":"2024-06-05T17:57:18","guid":{"rendered":"https:\/\/www.actualidadadiario.com\/?p=115668"},"modified":"2024-06-05T14:57:18","modified_gmt":"2024-06-05T17:57:18","slug":"pichetto-en-el-pais-de-sarmiento-no-vas-a-tener-ministerio-de-educacion-que-se-yo","status":"publish","type":"post","link":"https:\/\/www.actualidadadiario.com\/index.php\/2024\/06\/05\/pichetto-en-el-pais-de-sarmiento-no-vas-a-tener-ministerio-de-educacion-que-se-yo\/","title":{"rendered":"Pichetto: &#8220;\u00bfEn el pa\u00eds de Sarmiento no vas a tener Ministerio de Educaci\u00f3n? Qu\u00e9 se yo&#8230;&#8221;"},"content":{"rendered":"<p style=\"text-align: center;\"><em><strong>El diputado dialoguista dijo que Capital Humano es &#8220;un ministerio sobrecargado&#8221; y que Sandra Pettovello &#8220;tiene bajo su \u00e1rea una envergadura inmensa&#8221;<\/strong><\/em><\/p>\n<p>&nbsp;<\/p>\n<p>&nbsp;<\/p>\n<p>Despu\u00e9s de unos instantes de silencio cuando le preguntaron si la ministra Sandra Pettovello deb\u00eda renunciar por el esc\u00e1ndalo de los alimentos, el diputado dialoguista\u00a0 Miguel \u00c1ngel Pichetto dijo que en su opini\u00f3n, Capital Humano es \u201cun ministerio sobrecargado\u201d y que la funcionaria \u201ctiene bajo su \u00e1rea una envergadura inmensa\u201d.<\/p>\n<p>No defendi\u00f3, pero de alg\u00fan modo justific\u00f3 a Pettovello: &#8220;tiene un responsabilidad inmensa\u201d, dijo en declaraciones a Argenzuela, el programa de Jorge Rial en Radio 10.<\/p>\n<p>El diputado de Hacemos Coalici\u00f3n Federal plante\u00f3 diferencias sobre el achique y la fusi\u00f3n de \u00e1reas del Estado encarada por el presidente Javier Milei. \u201cA m\u00ed no me preocupar\u00eda tanto tener dos ministerios m\u00e1s. En el pa\u00eds de Sarmiento, que no tengas ministerio de Educaci\u00f3n, qu\u00e9 se yo\u2026\u201d, reflexion\u00f3.<\/p>\n<p>No respondi\u00f3 si ser\u00eda conveniente desarmar el megaministerio, pero sugiri\u00f3 \u201cdise\u00f1ar un esquema de responsabilidades sobre \u00e1reas que son muy puntuales y que tienen una historia en Argentina\u201d.<\/p>\n<p>Mencion\u00f3 la falta de un ministro de Agricultura cuando \u201cuna de las principales actividades en Argenton es la agroindustria\u201d.<\/p>\n<p>Y se mantuvo en esa l\u00ednea: \u201cFijate que ac\u00e1 hubo algunos temas donde no hubo aparici\u00f3n de las figuras claves del \u00e1rea respectiva. Apareci\u00f3 el dengue y no le conozco mucho la cara al ministro de Salud\u201d, dijo en referencia a Mario Russo.<\/p>\n<p>Pichetto justific\u00f3 la negativa de llevar a la ministra Pettovello a dar explicaciones al plenario del Senado. \u201cLa ministra en todo caso puede ir al a comisi\u00f3n. Ir al plenario era casi como un juicio p\u00fablico\u201d.<\/p>\n<p>&nbsp;<\/p>\n<p><strong>Pichetto y los empresarios en las \u00e1reas del Estado<\/strong><\/p>\n<p>El diputado dijo que \u201chay empresarios que manejan cajas y empresas del Estado\u201d y mencion\u00f3 especialmente el caso de Horacio Mar\u00edn, de Techint, al frente del directorio de YPF.<\/p>\n<p>&#8220;No me parece mal que un hombre de la burgues\u00eda nacional, como Mar\u00edn, maneje YPF&#8221;, dijo Pichetto<\/p>\n<p>Tambi\u00e9n destac\u00f3 que el influente estudio Bruchou &amp; Funes de Rioja \u201chaya puesto un abogado suyo a cargo de la Aduana\u201d, por Eduardo Mallea.<\/p>\n","protected":false},"excerpt":{"rendered":"<p>El diputado dialoguista dijo que Capital Humano es &#8220;un ministerio sobrecargado&#8221; y que Sandra Pettovello &#8220;tiene bajo su \u00e1rea una envergadura inmensa&#8221; &nbsp; &nbsp; Despu\u00e9s de unos instantes de silencio cuando le preguntaron si la ministra Sandra Pettovello deb\u00eda renunciar por el esc\u00e1ndalo de los alimentos, el diputado dialoguista\u00a0 Miguel \u00c1ngel Pichetto dijo que en su opini\u00f3n, Capital Humano es \u201cun ministerio sobrecargado\u201d y que la funcionaria \u201ctiene bajo su \u00e1rea una envergadura inmensa\u201d. No defendi\u00f3, pero de alg\u00fan modo justific\u00f3 a Pettovello: &#8220;tiene un responsabilidad inmensa\u201d, dijo en declaraciones&#8230;<\/p>\n","protected":false},"author":3,"featured_media":115669,"comment_status":"closed","ping_status":"closed","sticky":false,"template":"","format":"standard","meta":[],"categories":[18],"tags":[],"_links":{"self":[{"href":"https:\/\/www.actualidadadiario.com\/index.php\/wp-json\/wp\/v2\/posts\/115668"}],"collection":[{"href":"https:\/\/www.actualidadadiario.com\/index.php\/wp-json\/wp\/v2\/posts"}],"about":[{"href":"https:\/\/www.actualidadadiario.com\/index.php\/wp-json\/wp\/v2\/types\/post"}],"author":[{"embeddable":true,"href":"https:\/\/www.actualidadadiario.com\/index.php\/wp-json\/wp\/v2\/users\/3"}],"replies":[{"embeddable":true,"href":"https:\/\/www.actualidadadiario.com\/index.php\/wp-json\/wp\/v2\/comments?post=115668"}],"version-history":[{"count":1,"href":"https:\/\/www.actualidadadiario.com\/index.php\/wp-json\/wp\/v2\/posts\/115668\/revisions"}],"predecessor-version":[{"id":115670,"href":"https:\/\/www.actualidadadiario.com\/index.php\/wp-json\/wp\/v2\/posts\/115668\/revisions\/115670"}],"wp:featuredmedia":[{"embeddable":true,"href":"https:\/\/www.actualidadadiario.com\/index.php\/wp-json\/wp\/v2\/media\/115669"}],"wp:attachment":[{"href":"https:\/\/www.actualidadadiario.com\/index.php\/wp-json\/wp\/v2\/media?parent=115668"}],"wp:term":[{"taxonomy":"category","embeddable":true,"href":"https:\/\/www.actualidadadiario.com\/index.php\/wp-json\/wp\/v2\/categories?post=115668"},{"taxonomy":"post_tag","embeddable":true,"href":"https:\/\/www.actualidadadiario.com\/index.php\/wp-json\/wp\/v2\/tags?post=115668"}],"curies":[{"name":"wp","href":"https:\/\/api.w.org\/{rel}","templated":true}]}}