{"id":115665,"date":"2024-06-05T14:55:23","date_gmt":"2024-06-05T17:55:23","guid":{"rendered":"https:\/\/www.actualidadadiario.com\/?p=115665"},"modified":"2024-06-05T14:55:23","modified_gmt":"2024-06-05T17:55:23","slug":"para-caputo-lo-peor-del-ajuste-ya-paso","status":"publish","type":"post","link":"https:\/\/www.actualidadadiario.com\/index.php\/2024\/06\/05\/para-caputo-lo-peor-del-ajuste-ya-paso\/","title":{"rendered":"Para Caputo, &#8220;lo peor del ajuste ya pas\u00f3&#8221;"},"content":{"rendered":"<p style=\"text-align: center;\"><em><strong>Al disertar en el Latam Economic Forum, evit\u00f3 hablar de econom\u00eda y prefiri\u00f3 el discurso pol\u00edtico, con eje en el &#8220;esfuerzo que est\u00e1 haciendo la gente&#8221;<\/strong><\/em><\/p>\n<p>&nbsp;<\/p>\n<p>&nbsp;<\/p>\n<p>El ministro de Econom\u00eda, Luis Caputo, asegur\u00f3 que &#8220;lo peor del ajuste ya pas\u00f3&#8221;, cuestion\u00f3 a la oposici\u00f3n por entender la pol\u00edtica &#8220;como un negocio&#8221; y prometi\u00f3 a los empresarios que el Gobierno &#8220;no los va a defraudar&#8221;.<\/p>\n<p>&#8220;Nosotros no los vamos a desilusionar. Y si el pa\u00eds empieza a crecer vamos a bajar impuestos. Estamos cerqu\u00edsima de eso y por eso creo que se intensific\u00f3 el nivel de agresi\u00f3n contra el Gobierno en este \u00faltimo tiempo&#8221;, subray\u00f3 el funcionario.<\/p>\n<p>Al disertar en la apertura del Latam Economic Forum, Caputo evit\u00f3 hablar puntualmente de econom\u00eda y prefiri\u00f3 el discurso pol\u00edtico, con eje en el &#8220;esfuerzo que est\u00e1 haciendo la gente&#8221;.<\/p>\n<p>&#8220;Estamos m\u00e1s motivados que nunca, primero por el apoyo de la gente de todos los estratos sociales, que constantemente nos agradece; luego, por la personalidad del presidente Javier Milei, que no duda ni por un minuto del rumbo del Gobierno y nos permite a nosotros tomar las medidas que nadie se anim\u00f3 a tomar durante d\u00e9cadas&#8221;, enfatiz\u00f3.<\/p>\n<p>Y a\u00f1adi\u00f3 que &#8220;tambi\u00e9n nos sentimos motivados por los resultados: estamos en franca recuperaci\u00f3n, despu\u00e9s de atravesar una situaci\u00f3n cr\u00edtica. Pasamos de un d\u00e9ficit de cinco puntos a super\u00e1vit en un mes y llegamos a un d\u00edgito de inflaci\u00f3n mensual&#8221;.<\/p>\n<p>&#8220;Entonces, vemos que lo peor ya pas\u00f3 y estamos en franca recuperaci\u00f3n, cuya velocidad depende de dos factores: la aprobaci\u00f3n de la Ley Bases y convencer a los ciudadanos de que el cambio depende m\u00e1s de ellos. Est\u00e1 muy instalado de que ese cambio debe venir del sector p\u00fablico y no es as\u00ed&#8221;, resalt\u00f3 el jefe del Palacio de Hacienda.<\/p>\n<p>Para Caputo, las decisiones individuales a nivel de ciudadanos y de empresas &#8220;hacen la diferencia. Eso va a hacer que la recuperaci\u00f3n sea lo m\u00e1s r\u00e1pida posible&#8221;.<\/p>\n<p>El ministro se refiri\u00f3 tambi\u00e9n a la Ley Bases: dijo que el proyecto, que la semana pr\u00f3xima se tratar\u00e1 en el recinto de la C\u00e1mara de Senadores, &#8220;va a pasar en alg\u00fan momento, si no es ahora ser\u00e1 m\u00e1s adelante, porque es muy bueno para los argentinos&#8221;.<\/p>\n<p>Luego, se despach\u00f3 contra la oposici\u00f3n: dijo que para &#8220;buena parte&#8221; de esos dirigentes &#8220;la pol\u00edtica no es un servicio, es un negocio, es plata en alguna de sus formas: valijas, puestos, obras p\u00fablicas, cajas&#8221;.<\/p>\n<p>&#8220;Eso es lo que nosotros estamos cambiando y m\u00e1s vale que hay resistencia. Por eso hay que hacer un click: entender que para muchos, la pol\u00edtica es un negocio. Como tocamos intereses por todos lados, esos tipos defienden lo que quieren&#8221;, afirm\u00f3.<\/p>\n<p>Seg\u00fan el funcionario, &#8220;la gente ya entendi\u00f3 esto. Ya no come vidrio. Por eso no nos vamos a mover del norte que nos hemos fijado. Lo mejor que podemos hacer es garantizar el orden macroecon\u00f3mico&#8221;.<\/p>\n","protected":false},"excerpt":{"rendered":"<p>Al disertar en el Latam Economic Forum, evit\u00f3 hablar de econom\u00eda y prefiri\u00f3 el discurso pol\u00edtico, con eje en el &#8220;esfuerzo que est\u00e1 haciendo la gente&#8221; &nbsp; &nbsp; El ministro de Econom\u00eda, Luis Caputo, asegur\u00f3 que &#8220;lo peor del ajuste ya pas\u00f3&#8221;, cuestion\u00f3 a la oposici\u00f3n por entender la pol\u00edtica &#8220;como un negocio&#8221; y prometi\u00f3 a los empresarios que el Gobierno &#8220;no los va a defraudar&#8221;. &#8220;Nosotros no los vamos a desilusionar. Y si el pa\u00eds empieza a crecer vamos a bajar impuestos. Estamos cerqu\u00edsima de eso y por eso&#8230;<\/p>\n","protected":false},"author":3,"featured_media":115666,"comment_status":"closed","ping_status":"closed","sticky":false,"template":"","format":"standard","meta":[],"categories":[18],"tags":[],"_links":{"self":[{"href":"https:\/\/www.actualidadadiario.com\/index.php\/wp-json\/wp\/v2\/posts\/115665"}],"collection":[{"href":"https:\/\/www.actualidadadiario.com\/index.php\/wp-json\/wp\/v2\/posts"}],"about":[{"href":"https:\/\/www.actualidadadiario.com\/index.php\/wp-json\/wp\/v2\/types\/post"}],"author":[{"embeddable":true,"href":"https:\/\/www.actualidadadiario.com\/index.php\/wp-json\/wp\/v2\/users\/3"}],"replies":[{"embeddable":true,"href":"https:\/\/www.actualidadadiario.com\/index.php\/wp-json\/wp\/v2\/comments?post=115665"}],"version-history":[{"count":1,"href":"https:\/\/www.actualidadadiario.com\/index.php\/wp-json\/wp\/v2\/posts\/115665\/revisions"}],"predecessor-version":[{"id":115667,"href":"https:\/\/www.actualidadadiario.com\/index.php\/wp-json\/wp\/v2\/posts\/115665\/revisions\/115667"}],"wp:featuredmedia":[{"embeddable":true,"href":"https:\/\/www.actualidadadiario.com\/index.php\/wp-json\/wp\/v2\/media\/115666"}],"wp:attachment":[{"href":"https:\/\/www.actualidadadiario.com\/index.php\/wp-json\/wp\/v2\/media?parent=115665"}],"wp:term":[{"taxonomy":"category","embeddable":true,"href":"https:\/\/www.actualidadadiario.com\/index.php\/wp-json\/wp\/v2\/categories?post=115665"},{"taxonomy":"post_tag","embeddable":true,"href":"https:\/\/www.actualidadadiario.com\/index.php\/wp-json\/wp\/v2\/tags?post=115665"}],"curies":[{"name":"wp","href":"https:\/\/api.w.org\/{rel}","templated":true}]}}