{"id":115657,"date":"2024-06-05T14:52:32","date_gmt":"2024-06-05T17:52:32","guid":{"rendered":"https:\/\/www.actualidadadiario.com\/?p=115657"},"modified":"2024-06-05T14:52:32","modified_gmt":"2024-06-05T17:52:32","slug":"la-bronca-de-milei-por-las-jubilaciones-volvio-a-las-redes-con-promesas-de-veto-y-diputados-ilustrados-como-ratas","status":"publish","type":"post","link":"https:\/\/www.actualidadadiario.com\/index.php\/2024\/06\/05\/la-bronca-de-milei-por-las-jubilaciones-volvio-a-las-redes-con-promesas-de-veto-y-diputados-ilustrados-como-ratas\/","title":{"rendered":"La bronca de Milei por las jubilaciones volvi\u00f3 a las redes con promesas de veto y diputados ilustrados como ratas"},"content":{"rendered":"<p style=\"text-align: center;\"><em><strong>El presidente de la Naci\u00f3n utiliz\u00f3 Instagram y X para autopercibirse como un le\u00f3n que &#8220;cuida la caja&#8221; tras la contundente aprobaci\u00f3n transpartidaria del cambio en la f\u00f3rmula jubilatoria<\/strong><\/em><\/p>\n<p>&nbsp;<\/p>\n<p>&nbsp;<\/p>\n<p>A \u00faltima hora del martes, la C\u00e1mara de Diputados dio sanci\u00f3n al proyecto de ley de la nueva f\u00f3rmula de movilidad jubilatoria, y la reacci\u00f3n presidencial en redes social no tard\u00f3 en reaparecer. \u201cDefender\u00e9 la caja a veto puro si es necesario\u201d, anticip\u00f3 el presidente Javier Milei en varios textos que acompa\u00f1aron sendas ilustraciones de leones amenazando a peque\u00f1as ratas, luego de la propuesta de la oposici\u00f3n contara con 160 votos. Desde Uni\u00f3n por la Patria sostienen que \u201cel le\u00f3n se puso nervioso\u201d.<\/p>\n<p>Tras una sesi\u00f3n marat\u00f3nica y por un acuerdo entre los bloques de Uni\u00f3n por la Patria, la UCR, Hacemos Coalici\u00f3n Federal, la Coalici\u00f3n C\u00edvica e Innovaci\u00f3n Federal se logr\u00f3 aprobar un proyecto de ley que establece una nueva f\u00f3rmula de movilidad jubilatoria, una recomposici\u00f3n mayor a la otorgada por el DNU 274\/24 y un piso para el haber m\u00ednimo. La iniciativa obtuvo 72 votos en contra y 8 abstenciones.<\/p>\n<p>La decisi\u00f3n ahora pas\u00f3 al Senado que preside Victoria Villarruel. Pero en t\u00e9rminos parlamentarios, fue la primera derrota de La Libertad Avanza en la C\u00e1mara Baja, que trabaja desde el verano en sacar la ley Bases y el paquete fiscal.<\/p>\n<p>Por eso, el presidente luego de la votaci\u00f3n sali\u00f3 a postear por sus redes sociales una imagen de un le\u00f3n armado con una espada ante una caja acompa\u00f1ada del texto: \u201cNo voy a entregar el equilibrio fiscal de ning\u00fan modo. Defender\u00e9 la caja a veto puro si es necesario\u201d. \u201cA puro d\u00e9ficit fiscal empobrecieron al pa\u00eds, por lo que de ning\u00fan modo voy a permitir que esto se repita\u201d, agreg\u00f3.<\/p>\n<p>En otro posteo, se\u00f1al\u00f3: \u201cSe creen que es f\u00e1cil bancarse a estos man\u00edacos, degenerados del gasto p\u00fablico para rompernos el equilibrio fiscal. Yo les aviso, por si les interesa, que cualquier proyecto que manden desde el Congreso, que quieran romper la caja y hacer volar este pa\u00eds por los aires se los voy a vetar, me importa 3 carajos\u201d.<\/p>\n<p>En la misma l\u00ednea, sali\u00f3 esta ma\u00f1ana el jefe de gabinete Guillermo Francos trat\u00f3 de \u201cirresponsables\u201d en sus redes a \u201cquienes esta madrugada resolvieron incrementos de haberes jubilatorios con un costo de medio punto del PBI sin que el Estado cuente con recursos necesarios para afrontarlo\u201d.<\/p>\n<p>El dictamen que se aprob\u00f3 durante la madrugada en el recinto, establece introducir un 8,1% adicional a ese 12,6% para llegar a un total de 20,6% de recomposici\u00f3n, equivalente a la inflaci\u00f3n del mes de enero que se perdi\u00f3 en el empalme entre la f\u00f3rmula de movilidad anterior y la establecida por el Gobierno a trav\u00e9s del DNU.<\/p>\n<p>Adem\u00e1s de actualizar los haberes por el \u00cdndice de Precios al Consumidor (IPC), la propuesta establece un aumento adicional una vez al a\u00f1o (en marzo) por el 50% de la diferencia entre la variaci\u00f3n salarial y la evoluci\u00f3n de los precios en un mismo per\u00edodo de tiempo.<\/p>\n<p>Javier Milei insisti\u00f3 sobre la reforma jubilatoria: &#8220;Les voy a vetar todo, me importa tres carajos&#8221;<\/p>\n<p>El Presidente volvi\u00f3 a criticar la media sanci\u00f3n en la C\u00e1mara baja y calific\u00f3 a los legisladores como degenerados fiscales<\/p>\n<p>El presidente Javier Milei nuevamente se refiri\u00f3 a la media sanci\u00f3n de la reforma jubilatoria en Diputados. &#8220;Les voy a vetar todo, me importa tres carajos&#8221;, lanz\u00f3 ante empresarios en Parque Norte. Adem\u00e1s, calific\u00f3 a los legisladores como \u201cdegenerados fiscales\u201d.<\/p>\n<p>&#8220;Vamos a seguir dando la pelea. Y cada vez que los degenerados fiscales de la pol\u00edtica quieran ir a romper el equilibrio fiscal les voy a vetar todo, me importa tres carajos&#8221;, apunt\u00f3.<\/p>\n<p>El Presidente se jact\u00f3 de haber &#8220;echado a 25 mil empleados estatales&#8221; y anticip\u00f3 que proceder\u00e1 a &#8220;despedir a 50 mil m\u00e1s&#8221;, al tiempo que ratific\u00f3 su intenci\u00f3n de vetar la eventual nueva f\u00f3rmula jubilatoria.<\/p>\n","protected":false},"excerpt":{"rendered":"<p>El presidente de la Naci\u00f3n utiliz\u00f3 Instagram y X para autopercibirse como un le\u00f3n que &#8220;cuida la caja&#8221; tras la contundente aprobaci\u00f3n transpartidaria del cambio en la f\u00f3rmula jubilatoria &nbsp; &nbsp; A \u00faltima hora del martes, la C\u00e1mara de Diputados dio sanci\u00f3n al proyecto de ley de la nueva f\u00f3rmula de movilidad jubilatoria, y la reacci\u00f3n presidencial en redes social no tard\u00f3 en reaparecer. \u201cDefender\u00e9 la caja a veto puro si es necesario\u201d, anticip\u00f3 el presidente Javier Milei en varios textos que acompa\u00f1aron sendas ilustraciones de leones amenazando a peque\u00f1as&#8230;<\/p>\n","protected":false},"author":3,"featured_media":115658,"comment_status":"closed","ping_status":"closed","sticky":false,"template":"","format":"standard","meta":[],"categories":[18],"tags":[],"_links":{"self":[{"href":"https:\/\/www.actualidadadiario.com\/index.php\/wp-json\/wp\/v2\/posts\/115657"}],"collection":[{"href":"https:\/\/www.actualidadadiario.com\/index.php\/wp-json\/wp\/v2\/posts"}],"about":[{"href":"https:\/\/www.actualidadadiario.com\/index.php\/wp-json\/wp\/v2\/types\/post"}],"author":[{"embeddable":true,"href":"https:\/\/www.actualidadadiario.com\/index.php\/wp-json\/wp\/v2\/users\/3"}],"replies":[{"embeddable":true,"href":"https:\/\/www.actualidadadiario.com\/index.php\/wp-json\/wp\/v2\/comments?post=115657"}],"version-history":[{"count":1,"href":"https:\/\/www.actualidadadiario.com\/index.php\/wp-json\/wp\/v2\/posts\/115657\/revisions"}],"predecessor-version":[{"id":115659,"href":"https:\/\/www.actualidadadiario.com\/index.php\/wp-json\/wp\/v2\/posts\/115657\/revisions\/115659"}],"wp:featuredmedia":[{"embeddable":true,"href":"https:\/\/www.actualidadadiario.com\/index.php\/wp-json\/wp\/v2\/media\/115658"}],"wp:attachment":[{"href":"https:\/\/www.actualidadadiario.com\/index.php\/wp-json\/wp\/v2\/media?parent=115657"}],"wp:term":[{"taxonomy":"category","embeddable":true,"href":"https:\/\/www.actualidadadiario.com\/index.php\/wp-json\/wp\/v2\/categories?post=115657"},{"taxonomy":"post_tag","embeddable":true,"href":"https:\/\/www.actualidadadiario.com\/index.php\/wp-json\/wp\/v2\/tags?post=115657"}],"curies":[{"name":"wp","href":"https:\/\/api.w.org\/{rel}","templated":true}]}}