{"id":115654,"date":"2024-06-05T13:19:56","date_gmt":"2024-06-05T16:19:56","guid":{"rendered":"https:\/\/www.actualidadadiario.com\/?p=115654"},"modified":"2024-06-05T13:19:56","modified_gmt":"2024-06-05T16:19:56","slug":"papa-francisco-ningun-gobierno-puede-exigir-a-su-pueblo-que-sufra-privaciones-incompatibles-con-la-dignidad-humana","status":"publish","type":"post","link":"https:\/\/www.actualidadadiario.com\/index.php\/2024\/06\/05\/papa-francisco-ningun-gobierno-puede-exigir-a-su-pueblo-que-sufra-privaciones-incompatibles-con-la-dignidad-humana\/","title":{"rendered":"Papa Francisco: \u201cNing\u00fan gobierno puede exigir a su pueblo que sufra privaciones incompatibles con la dignidad humana\u201d"},"content":{"rendered":"<p style=\"text-align: center;\"><em><strong>El papa Francisco afirm\u00f3 este mi\u00e9rcoles que los gobiernos que enfrentan problemas de deuda no pueden imponer a sus pueblos \u201cprivaciones incompatibles con la dignidad humana\u201d<\/strong><\/em><\/p>\n<p>&nbsp;<\/p>\n<p>&nbsp;<\/p>\n<p>El papa Francisco afirm\u00f3 este mi\u00e9rcoles que los gobiernos que enfrentan problemas de deuda no pueden imponer a sus pueblos \u201cprivaciones incompatibles con la dignidad humana\u201d.<\/p>\n<p>Durante una audiencia en el Vaticano con participantes de una conferencia titulada \u201cLa Crisis de la Deuda en el Sur Global\u201d, el Santo Padre expres\u00f3 que \u201cdespu\u00e9s de una globalizaci\u00f3n mal administrada, despu\u00e9s de la pandemia y de las guerras, nos encontramos frente a una crisis de deudas que afectan principalmente a los pa\u00edses del sur del mundo, generando miseria y angustia, y despojando a millones de personas de la posibilidad de un futuro digno\u201d.<\/p>\n<p>\u201cEn consecuencia, ning\u00fan gobierno puede exigir moralmente a su pueblo que sufra privaciones incompatibles con la dignidad humana\u201d, dijo el Pont\u00edfice<\/p>\n<p>Luego, inst\u00f3 a una \u201cresponsabilidad compartida\u201d entre quienes dan financiamiento y quienes lo reciben, el pont\u00edfice abog\u00f3 por \u201cun mecanismo multinacional, basado en la solidaridad y la armon\u00eda de los pueblos\u201d que tome en cuenta las \u201cimplicaciones econ\u00f3micas, financieras y sociales\u201d del endeudamiento.<\/p>\n<p>Consider\u00f3 que \u201cla ausencia de este mecanismo favorece el \u2018s\u00e1lvese quien pueda\u2019, donde pierden siempre los m\u00e1s d\u00e9biles\u201d y expuso que \u201clos principios de justicia y solidaridad son los que llevar\u00e1n a encontrar pistas de soluci\u00f3n\u201d.<\/p>\n<p>Jorge Bergoglio analiz\u00f3 que \u201cen esta v\u00eda es indispensable obrar de buena fe y con verdad, siguiendo un c\u00f3digo de conducta internacional con normas de valor \u00e9tico que tutele las negociaciones\u201d y a\u00f1adi\u00f3 que, \u201cpor ende, pensamos en una nueva arquitectura financiera internacional que sea audaz y creativa\u201d.<\/p>\n<p>En ese sentido, el Papa plante\u00f3 rememor\u00f3 que en ocasi\u00f3n del Jubileo del A\u00f1o 2000, Juan Pablo II advirti\u00f3 que el tema de la deuda externa \u201cno es s\u00f3lo de \u00edndole econ\u00f3mica, sino que afecta a los principios \u00e9ticos fundamentales y es preciso que encuentre espacio en el derecho internacional\u201d, apunt\u00f3 que el Jubileo pod\u00eda \u201cconstituir una ocasi\u00f3n propicia para gestos de buena voluntad (\u2026), de condonar las deudas, o al menos reducirlas,(\u2026) en funci\u00f3n del bien com\u00fan\u201d.<\/p>\n","protected":false},"excerpt":{"rendered":"<p>El papa Francisco afirm\u00f3 este mi\u00e9rcoles que los gobiernos que enfrentan problemas de deuda no pueden imponer a sus pueblos \u201cprivaciones incompatibles con la dignidad humana\u201d &nbsp; &nbsp; El papa Francisco afirm\u00f3 este mi\u00e9rcoles que los gobiernos que enfrentan problemas de deuda no pueden imponer a sus pueblos \u201cprivaciones incompatibles con la dignidad humana\u201d. Durante una audiencia en el Vaticano con participantes de una conferencia titulada \u201cLa Crisis de la Deuda en el Sur Global\u201d, el Santo Padre expres\u00f3 que \u201cdespu\u00e9s de una globalizaci\u00f3n mal administrada, despu\u00e9s de la pandemia&#8230;<\/p>\n","protected":false},"author":3,"featured_media":115655,"comment_status":"closed","ping_status":"closed","sticky":false,"template":"","format":"standard","meta":[],"categories":[9],"tags":[],"_links":{"self":[{"href":"https:\/\/www.actualidadadiario.com\/index.php\/wp-json\/wp\/v2\/posts\/115654"}],"collection":[{"href":"https:\/\/www.actualidadadiario.com\/index.php\/wp-json\/wp\/v2\/posts"}],"about":[{"href":"https:\/\/www.actualidadadiario.com\/index.php\/wp-json\/wp\/v2\/types\/post"}],"author":[{"embeddable":true,"href":"https:\/\/www.actualidadadiario.com\/index.php\/wp-json\/wp\/v2\/users\/3"}],"replies":[{"embeddable":true,"href":"https:\/\/www.actualidadadiario.com\/index.php\/wp-json\/wp\/v2\/comments?post=115654"}],"version-history":[{"count":1,"href":"https:\/\/www.actualidadadiario.com\/index.php\/wp-json\/wp\/v2\/posts\/115654\/revisions"}],"predecessor-version":[{"id":115656,"href":"https:\/\/www.actualidadadiario.com\/index.php\/wp-json\/wp\/v2\/posts\/115654\/revisions\/115656"}],"wp:featuredmedia":[{"embeddable":true,"href":"https:\/\/www.actualidadadiario.com\/index.php\/wp-json\/wp\/v2\/media\/115655"}],"wp:attachment":[{"href":"https:\/\/www.actualidadadiario.com\/index.php\/wp-json\/wp\/v2\/media?parent=115654"}],"wp:term":[{"taxonomy":"category","embeddable":true,"href":"https:\/\/www.actualidadadiario.com\/index.php\/wp-json\/wp\/v2\/categories?post=115654"},{"taxonomy":"post_tag","embeddable":true,"href":"https:\/\/www.actualidadadiario.com\/index.php\/wp-json\/wp\/v2\/tags?post=115654"}],"curies":[{"name":"wp","href":"https:\/\/api.w.org\/{rel}","templated":true}]}}