{"id":115651,"date":"2024-06-05T13:01:13","date_gmt":"2024-06-05T16:01:13","guid":{"rendered":"https:\/\/www.actualidadadiario.com\/?p=115651"},"modified":"2024-06-05T13:01:13","modified_gmt":"2024-06-05T16:01:13","slug":"milei-critico-a-los-diputados-tras-la-aprobacion-de-la-nueva-formula-jubilatoria-defendere-la-caja-a-veto-puro-si-es-necesario","status":"publish","type":"post","link":"https:\/\/www.actualidadadiario.com\/index.php\/2024\/06\/05\/milei-critico-a-los-diputados-tras-la-aprobacion-de-la-nueva-formula-jubilatoria-defendere-la-caja-a-veto-puro-si-es-necesario\/","title":{"rendered":"Milei critic\u00f3 a los diputados tras la aprobaci\u00f3n de la nueva f\u00f3rmula jubilatoria: &#8220;Defender\u00e9 la caja a veto puro si es necesario&#8221;"},"content":{"rendered":"<p style=\"text-align: center;\"><em><strong>El Presidente asegur\u00f3 durante la madrugada que no va a \u201centregar el equilibrio fiscal de ning\u00fan modo\u201d. \u201cA puro d\u00e9ficit fiscal empobrecieron al Pa\u00eds y por lo que de ning\u00fan modo voy a permitir que esto se repita\u201d, manifest\u00f3<\/strong><\/em><\/p>\n<p>&nbsp;<\/p>\n<p>&nbsp;<\/p>\n<p>El presidente Javier Milei critic\u00f3 a los diputados de la Naci\u00f3n luego de que aprueben en una sesi\u00f3n especial la nueva f\u00f3rmula jubilatoria. Con un posteo en su cuenta de X (antes Twitter) afirm\u00f3 que &#8220;defender\u00e9 la caja a veto puro si es necesario&#8221; y que no va a \u201centregar el equilibrio fiscal de ning\u00fan modo&#8221;.<\/p>\n<p>&#8220;Les dejo este tweet para que le quede claro a todo el mundo: no voy a entregar el equilibrio fiscal de ning\u00fan modo. Defender\u00e9 la caja a veto puro si es necesario. A puro d\u00e9ficit fiscal empobrecieron al pa\u00eds, por lo que de ning\u00fan modo voy a permitir que esto se repita. VLLC!!!&#8221;, public\u00f3 el mandatario a la madrugada.<\/p>\n<p>En el mismo, retuite\u00f3 un video de su discurso en el 41\u00ba Congreso Anual del Instituto Argentino de Ejecutivos de Finanzas (IAEF) donde llam\u00f3 a los legisladores &#8220;degenerados del gasto p\u00fablico&#8221; los cuales &#8220;est\u00e1n mandando proyectos al Congreso para rompernos el equilibrio fiscal.<\/p>\n<p>&#8220;Yo les aviso que cualquier proyecto que manden que quieran romper la caja y hacer volar este pa\u00eds por los aires se los voy a vetar&#8221;, expres\u00f3 en ese momento Milei anticipando cu\u00e1l ser\u00e1 su accionar con el proyecto legislativo aprobado en la C\u00e1mara Baja.<\/p>\n","protected":false},"excerpt":{"rendered":"<p>El Presidente asegur\u00f3 durante la madrugada que no va a \u201centregar el equilibrio fiscal de ning\u00fan modo\u201d. \u201cA puro d\u00e9ficit fiscal empobrecieron al Pa\u00eds y por lo que de ning\u00fan modo voy a permitir que esto se repita\u201d, manifest\u00f3 &nbsp; &nbsp; El presidente Javier Milei critic\u00f3 a los diputados de la Naci\u00f3n luego de que aprueben en una sesi\u00f3n especial la nueva f\u00f3rmula jubilatoria. Con un posteo en su cuenta de X (antes Twitter) afirm\u00f3 que &#8220;defender\u00e9 la caja a veto puro si es necesario&#8221; y que no va a&#8230;<\/p>\n","protected":false},"author":3,"featured_media":115652,"comment_status":"closed","ping_status":"closed","sticky":false,"template":"","format":"standard","meta":[],"categories":[18],"tags":[],"_links":{"self":[{"href":"https:\/\/www.actualidadadiario.com\/index.php\/wp-json\/wp\/v2\/posts\/115651"}],"collection":[{"href":"https:\/\/www.actualidadadiario.com\/index.php\/wp-json\/wp\/v2\/posts"}],"about":[{"href":"https:\/\/www.actualidadadiario.com\/index.php\/wp-json\/wp\/v2\/types\/post"}],"author":[{"embeddable":true,"href":"https:\/\/www.actualidadadiario.com\/index.php\/wp-json\/wp\/v2\/users\/3"}],"replies":[{"embeddable":true,"href":"https:\/\/www.actualidadadiario.com\/index.php\/wp-json\/wp\/v2\/comments?post=115651"}],"version-history":[{"count":1,"href":"https:\/\/www.actualidadadiario.com\/index.php\/wp-json\/wp\/v2\/posts\/115651\/revisions"}],"predecessor-version":[{"id":115653,"href":"https:\/\/www.actualidadadiario.com\/index.php\/wp-json\/wp\/v2\/posts\/115651\/revisions\/115653"}],"wp:featuredmedia":[{"embeddable":true,"href":"https:\/\/www.actualidadadiario.com\/index.php\/wp-json\/wp\/v2\/media\/115652"}],"wp:attachment":[{"href":"https:\/\/www.actualidadadiario.com\/index.php\/wp-json\/wp\/v2\/media?parent=115651"}],"wp:term":[{"taxonomy":"category","embeddable":true,"href":"https:\/\/www.actualidadadiario.com\/index.php\/wp-json\/wp\/v2\/categories?post=115651"},{"taxonomy":"post_tag","embeddable":true,"href":"https:\/\/www.actualidadadiario.com\/index.php\/wp-json\/wp\/v2\/tags?post=115651"}],"curies":[{"name":"wp","href":"https:\/\/api.w.org\/{rel}","templated":true}]}}