{"id":115648,"date":"2024-06-05T13:00:10","date_gmt":"2024-06-05T16:00:10","guid":{"rendered":"https:\/\/www.actualidadadiario.com\/?p=115648"},"modified":"2024-06-05T13:00:10","modified_gmt":"2024-06-05T16:00:10","slug":"dura-derrota-de-milei-radicales-y-peronistas-aprobaron-el-aumento-a-jubilados-y-quedaron-al-filo-de-los-dos-tercios","status":"publish","type":"post","link":"https:\/\/www.actualidadadiario.com\/index.php\/2024\/06\/05\/dura-derrota-de-milei-radicales-y-peronistas-aprobaron-el-aumento-a-jubilados-y-quedaron-al-filo-de-los-dos-tercios\/","title":{"rendered":"Dura derrota de Milei: Radicales y peronistas aprobaron el aumento a jubilados y quedaron al filo de los dos tercios"},"content":{"rendered":"<p style=\"text-align: center;\"><em><strong>Lograron sumar al bloque de Pichetto y los misioneros y quedaron a apenas 11 votos de los dos tercios necesarios para rechazar un veto de Milei. Se parti\u00f3 la coalici\u00f3n dialoguista<\/strong><\/em><\/p>\n<p>&nbsp;<\/p>\n<p>&nbsp;<\/p>\n<p>El gobierno de Javier Milei y sus aliados del PRO sufrieron anoche una dur\u00edsima derrota parlamentaria que puede marcar un antes y un despu\u00e9s en la din\u00e1mica parlamentaria que deber\u00e1 enfrentar el Gobierno.<\/p>\n<p>Radicales, peronistas, el pichettismo y provinciales votaron juntos contra La Libertad Avanza y el PRO y lograron en la madrugada de este mi\u00e9rcoles sancionar un aumento para los jubilados y una nueva f\u00f3rmula de actualizaci\u00f3n de los haberes con una aplastante mayor\u00eda de 160 votos, que los deja a s\u00f3lo 11 de los dos tercios necesarios para rechazar un eventual veto del presidente Milei.<\/p>\n<p>Pero la situaci\u00f3n para el Gobierno podr\u00eda ser incluso peor. Porque si se toman los dos tercios de los presentes, la alianza que hoy se conform\u00f3 lo habr\u00eda alcanzado porque en el recinto hab\u00eda 240 diputados.<\/p>\n<p>La inapelable derrota del bloque oficialista que qued\u00f3 reducido a un tercio del recinto con apenas 70 votos, puede tener impacto en los mercados porque exhibe un l\u00edmite pol\u00edtico muy claro al ajuste que empuja el presidente Milei.<\/p>\n<p>Durante todo el martes, la UCR y Uni\u00f3n por la Patria (UP) ultimaron los detalles para juntar una holgada mayor\u00eda que permitiera aprobar un proyecto com\u00fan que repare la p\u00e9rdida de poder adquisitivo de enero pasado que sufrieron los jubilados por la devaluaci\u00f3n y un c\u00e1lculo para adelante que combine \u00edndice inflacionario y promedio salarial.<\/p>\n<p>Las fren\u00e9ticas negociaciones se dieron con la sesi\u00f3n ya lanzada. Tras seis horas de debate, los diputados peronistas repasaban el texto que hab\u00eda devuelto el radicalismo, con negociaciones en pleno recinto. Los principales legisladores de las bancadas lideradas por Rodrigo De Loredo y Germ\u00e1n Mart\u00ednez avanzaban en una tarea paralela a la sesi\u00f3n, de acuerdo pol\u00edtico limando diferencias t\u00e9cnicas.<\/p>\n<p>Se anticip\u00f3 el acuerdo antes de las 21, pero los jefes de bloque tardaron horas en blanquearlo, temerosos que la divulgaci\u00f3n detonara el consenso alcanzado no sin sortear numerosas dificultades pol\u00edticas.<\/p>\n<p>El impactante volumen de votos que cosech\u00f3 el proyecto, basado en el dictamen radical, fue un mensaje directo al coraz\u00f3n de la Casa Rosada, porque Milei hab\u00eda prometido que vetar\u00eda cualquier iniciativa que pusiera en riesgo el equilibrio fiscal. La cantidad de voluntades a favor puede ser indicativa de lo cerca que quedar\u00eda la C\u00e1mara Baja de alcanzar los dos tercios, cifra que permitir\u00eda blindar la nueva f\u00f3rmula previsional.<\/p>\n<p>El consenso empez\u00f3 a construirse a media tarde, cuando el radicalismo consider\u00f3 que era atendible el reclamo del peronismo para excluir del proyecto la descapitalizaci\u00f3n del Fondo de Garant\u00eda de Sustentabilidad (FGS) de Anses, para afrontar juicios de jubilados y compensaciones a las cajas provinciales.<\/p>\n<p>Un diputado radical que impulsaba las negociaciones dijo que el objetivo era juntar &#8220;cerca de 150 votos&#8221;. Por eso, desde su bancada se comprometieron a tratar por separado en la Comisi\u00f3n de Seguridad Social el destino del FGS, una demanda que los cordobeses que integran el bloque de Miguel \u00c1ngel Pichetto no est\u00e1n dispuestos a declinar.<\/p>\n<p>Esa comisi\u00f3n est\u00e1 en manos de Gabriela Brouwer de Koning, en representaci\u00f3n del radicalismo, que ahora tendr\u00e1 la ardua tarea de lograr dictamen de mayor\u00eda para sancionar una norma que permita utilizar los recursos del FGS para sanear las cajas provinciales.<\/p>\n<p>Como sea, pasadas las 16 se vio la primera se\u00f1al de acuerdo cuando el peronista riojano Ricardo Herrera anunci\u00f3: &#8220;Cambiamos nuestro dictamen para llegar a una acuerdo con otras bancadas&#8221; y agreg\u00f3 &#8220;hemos puesto voluntad para encontrar una f\u00f3rmula que le d\u00e9 un piso de dignidad a los jubilados&#8221;.<\/p>\n<p>&#8220;Es inadmisible que el \u00e9xito de este modelo dependa, pura y exclusivamente, del ajuste a los jubilados, los docentes y el achicamiento estatal&#8221;, remat\u00f3 Herrera.<\/p>\n<p>En la misma l\u00ednea, Itai Hagman record\u00f3 que en la versi\u00f3n original de la Ley \u00d3mnibus, el gobierno incluy\u00f3 una f\u00f3rmula suspend\u00eda el c\u00e1lculo y lo libraba a la discrecionalidad del gobierno. &#8220;Mientras est\u00e1bamos trabajando en sesiones informativas, el gobierno sac\u00f3 el DNU 274, que planteaba una indexaci\u00f3n por inflaci\u00f3n, congel\u00e1ndola en uno de los niveles m\u00e1s bajos de nuestra historia&#8221;, argument\u00f3.<\/p>\n<p>Tambi\u00e9n se\u00f1al\u00f3 Hagman que el peronismo no estaba dispuesto a dejar el haber m\u00ednimo por debajo del valor de la canasta b\u00e1sica para un adulto, como as\u00ed tampoco aceptar\u00edan la liquidaci\u00f3n del FGS. Aunque concedi\u00f3 que &#8220;el pago de las deudas y las cajas provinciales que no fueron transferidas son un problema real&#8221;.<\/p>\n<p>Al tiempo que Mart\u00ednez dialogaba con la radical Carla Carrizo, Brouwer de Koning explicaba que &#8220;no solamente es urgente sino tambi\u00e9n imperativo&#8221; que se resuelva la situaci\u00f3n de los jubilados. Para defender el dictamen de la UCR, apel\u00f3 al trabajo de la Oficina de Presupuesto del Congreso (OPC), que traz\u00f3 la &#8220;factibilidad&#8221; del c\u00e1lculo de su bloque. &#8220;Nadie nos puede juzgar de demagogia ni de irresponsabilidad&#8221;, asegur\u00f3.<\/p>\n<p>La diputada cordobesa asumi\u00f3 la inquietud del oficialismo sobre &#8220;el fundamento fiscal&#8221; del proyecto. &#8220;La OPC dice que el costo del proyecto es del 0,4 por ciento del PBI&#8221;, precis\u00f3 y apel\u00f3 a &#8220;la sensibilidad del Presidente del a Rep\u00fablica Argentina&#8221; para que la persecuci\u00f3n de &#8220;ese d\u00e9ficit cero no afecte a los jubilados&#8221;.<\/p>\n<p>La macrista Mar\u00eda Eugenia Vidal protagoniz\u00f3 uno de los rechazos m\u00e1s en\u00e9rgicos al aumento a los jubilados. &#8220;Parece que el problema de las jubilaciones empez\u00f3 hace seis meses&#8221;, comenz\u00f3 y copiando el discurso de Milei afirm\u00f3 que en 2023 &#8220;el pa\u00eds qued\u00f3 con un problema fiscal y cuasi fiscal de 15 puntos con reservas negativas&#8221;, y agreg\u00f3 que &#8220;el gobierno (anterior) decidi\u00f3 modificar la f\u00f3rmula de actualizaci\u00f3n de jubilaciones, ocasionando un da\u00f1o enorme&#8221;.<\/p>\n<p>Acaso para diferenciarse del oficialismo luego de que le llovieran chicanas por proponer una suba en 12 cuotas, indic\u00f3 que &#8220;en la jubilaci\u00f3n promedio se perdi\u00f3 un 30% de poder adquisitivo&#8221;.<\/p>\n<p>El bullrichista Fernando Iglesias agreg\u00f3 que no se estaba pensando &#8220;en los derechos de los jubilados sino en el club del helic\u00f3ptero&#8221;. Y carg\u00f3 no solo contra el peronismo sino tambi\u00e9n contra los radicales, aunque sin mencionarlos.<\/p>\n<p>M\u00e1s tarde, respondi\u00f3 a esos argumentos el radical Mart\u00edn Tetaz, quien dedic\u00f3 furiosas cr\u00edticas al kirchnerismo y defendi\u00f3 la postura de la UCR. &#8220;Estamos planteando al gobierno que los jubilados vuelvan a tener el mismo nivel de ingresos que cuando asumi\u00f3 Milei&#8221;, fundament\u00f3.<\/p>\n<p>En la misma l\u00ednea de tratar de disfrazar el dur\u00edsimo golpe pol\u00edtico que la votaci\u00f3n implica para el gobierno de Milei, el lilito Juan Manuel L\u00f3pez afirm\u00f3 que la ley plantea &#8220;una f\u00f3rmula que ayuda al gobierno de Milei y ayuda a los jubilados&#8221;.<\/p>\n<p>En la misma sinton\u00eda, el pichettista Nicol\u00e1s Massot asegur\u00f3 que &#8220;nadie quiere quebrar el equilibrio fiscal de nadie&#8221;. Y apuntando al apoyo del &#8220;principal partido de la oposici\u00f3n&#8221;, en referencia a UP, alert\u00f3 que &#8220;se habla mucho de veto&#8221;, y recomend\u00f3 a los libertarios que &#8220;pierdan cuidado&#8221; porque el Congreso cumplir\u00eda la funci\u00f3n de &#8220;contrapeso&#8221;. &#8220;Ning\u00fan triunfo electoral da facultades para hacer lo que se les canta&#8221;, cerr\u00f3.<\/p>\n<p>Hacia el final del debate, el l\u00edder del bloque PRO, Cristian Ritondo, lament\u00f3 &#8220;la nueva sociedad del radicalismo con el kirchnerismo&#8221;. &#8220;Hay algunos que entraron con la camiseta de Boca y en el medio se pusieron la de River&#8221;, se quej\u00f3, y concluy\u00f3: &#8220;dime con qui\u00e9n votas y te dir\u00e9 qui\u00e9n eres&#8221;.<\/p>\n<p>Mart\u00ednez reivindic\u00f3 que el proyecto &#8220;establece un mecanismo para recuperar lo perdido&#8221; y abri\u00f3 la puerta a repetir la mayor\u00eda con otras iniciativas: &#8220;Estamos dando un paso importante y ojal\u00e1 sigamos teniendo esta capacidad&#8221;.<\/p>\n<p>Los encargados de clausurar la discusi\u00f3n por el oficialismo fuero el chubutense, C\u00e9sar Treffinger, y la neuquina Nadia M\u00e1rquez. Treffinger carg\u00f3 en su discurso contra &#8220;la corrupci\u00f3n&#8221; y apunt\u00f3 contra L\u00e1zaro B\u00e1ez, Crist\u00f3bal L\u00f3pez, Eduardo Belliboni y Juan Grabois, mientras que M\u00e1rquez cuestion\u00f3 &#8220;hipocres\u00eda&#8221; de los bloques dialoguistas.<\/p>\n","protected":false},"excerpt":{"rendered":"<p>Lograron sumar al bloque de Pichetto y los misioneros y quedaron a apenas 11 votos de los dos tercios necesarios para rechazar un veto de Milei. Se parti\u00f3 la coalici\u00f3n dialoguista &nbsp; &nbsp; El gobierno de Javier Milei y sus aliados del PRO sufrieron anoche una dur\u00edsima derrota parlamentaria que puede marcar un antes y un despu\u00e9s en la din\u00e1mica parlamentaria que deber\u00e1 enfrentar el Gobierno. Radicales, peronistas, el pichettismo y provinciales votaron juntos contra La Libertad Avanza y el PRO y lograron en la madrugada de este mi\u00e9rcoles sancionar&#8230;<\/p>\n","protected":false},"author":3,"featured_media":115649,"comment_status":"closed","ping_status":"closed","sticky":false,"template":"","format":"standard","meta":[],"categories":[9],"tags":[],"_links":{"self":[{"href":"https:\/\/www.actualidadadiario.com\/index.php\/wp-json\/wp\/v2\/posts\/115648"}],"collection":[{"href":"https:\/\/www.actualidadadiario.com\/index.php\/wp-json\/wp\/v2\/posts"}],"about":[{"href":"https:\/\/www.actualidadadiario.com\/index.php\/wp-json\/wp\/v2\/types\/post"}],"author":[{"embeddable":true,"href":"https:\/\/www.actualidadadiario.com\/index.php\/wp-json\/wp\/v2\/users\/3"}],"replies":[{"embeddable":true,"href":"https:\/\/www.actualidadadiario.com\/index.php\/wp-json\/wp\/v2\/comments?post=115648"}],"version-history":[{"count":1,"href":"https:\/\/www.actualidadadiario.com\/index.php\/wp-json\/wp\/v2\/posts\/115648\/revisions"}],"predecessor-version":[{"id":115650,"href":"https:\/\/www.actualidadadiario.com\/index.php\/wp-json\/wp\/v2\/posts\/115648\/revisions\/115650"}],"wp:featuredmedia":[{"embeddable":true,"href":"https:\/\/www.actualidadadiario.com\/index.php\/wp-json\/wp\/v2\/media\/115649"}],"wp:attachment":[{"href":"https:\/\/www.actualidadadiario.com\/index.php\/wp-json\/wp\/v2\/media?parent=115648"}],"wp:term":[{"taxonomy":"category","embeddable":true,"href":"https:\/\/www.actualidadadiario.com\/index.php\/wp-json\/wp\/v2\/categories?post=115648"},{"taxonomy":"post_tag","embeddable":true,"href":"https:\/\/www.actualidadadiario.com\/index.php\/wp-json\/wp\/v2\/tags?post=115648"}],"curies":[{"name":"wp","href":"https:\/\/api.w.org\/{rel}","templated":true}]}}