{"id":115628,"date":"2024-06-05T11:19:28","date_gmt":"2024-06-05T14:19:28","guid":{"rendered":"https:\/\/www.actualidadadiario.com\/?p=115628"},"modified":"2024-06-05T11:19:28","modified_gmt":"2024-06-05T14:19:28","slug":"este-miercoles-sesiona-la-camara-de-diputados-10","status":"publish","type":"post","link":"https:\/\/www.actualidadadiario.com\/index.php\/2024\/06\/05\/este-miercoles-sesiona-la-camara-de-diputados-10\/","title":{"rendered":"Este mi\u00e9rcoles sesiona la C\u00e1mara de Diputados"},"content":{"rendered":"<p style=\"text-align: center;\"><em><strong>La C\u00e1mara de Diputados de Entre R\u00edos fue convocada para sesionar este mi\u00e9rcoles a las 11, informaron fuentes legislativas. Ser\u00e1 la 7\u00ba sesi\u00f3n de este per\u00edodo legislativo<\/strong><\/em><\/p>\n<p>&nbsp;<\/p>\n<p>&nbsp;<\/p>\n<p>Los y las diputadas provinciales fueron convocados a sesionar este mi\u00e9rcoles 5 de junio a las 11 en lo que ser\u00e1 la 6\u00ba sesi\u00f3n del 145 Per\u00edodo Legislativo.<\/p>\n<p>&nbsp;<\/p>\n<p>En la reuni\u00f3n de Labor parlamentaria se determinar\u00e1 el temario a tratar en la sesi\u00f3n, que podr\u00e1 seguirse on line a trav\u00e9s de este link: https:\/\/www.youtube.com\/watch?v=EnZv-KR9y2I.<\/p>\n","protected":false},"excerpt":{"rendered":"<p>La C\u00e1mara de Diputados de Entre R\u00edos fue convocada para sesionar este mi\u00e9rcoles a las 11, informaron fuentes legislativas. Ser\u00e1 la 7\u00ba sesi\u00f3n de este per\u00edodo legislativo &nbsp; &nbsp; Los y las diputadas provinciales fueron convocados a sesionar este mi\u00e9rcoles 5 de junio a las 11 en lo que ser\u00e1 la 6\u00ba sesi\u00f3n del 145 Per\u00edodo Legislativo. &nbsp; En la reuni\u00f3n de Labor parlamentaria se determinar\u00e1 el temario a tratar en la sesi\u00f3n, que podr\u00e1 seguirse on line a trav\u00e9s de este link: https:\/\/www.youtube.com\/watch?v=EnZv-KR9y2I.<\/p>\n","protected":false},"author":3,"featured_media":111643,"comment_status":"closed","ping_status":"closed","sticky":false,"template":"","format":"standard","meta":[],"categories":[15],"tags":[],"_links":{"self":[{"href":"https:\/\/www.actualidadadiario.com\/index.php\/wp-json\/wp\/v2\/posts\/115628"}],"collection":[{"href":"https:\/\/www.actualidadadiario.com\/index.php\/wp-json\/wp\/v2\/posts"}],"about":[{"href":"https:\/\/www.actualidadadiario.com\/index.php\/wp-json\/wp\/v2\/types\/post"}],"author":[{"embeddable":true,"href":"https:\/\/www.actualidadadiario.com\/index.php\/wp-json\/wp\/v2\/users\/3"}],"replies":[{"embeddable":true,"href":"https:\/\/www.actualidadadiario.com\/index.php\/wp-json\/wp\/v2\/comments?post=115628"}],"version-history":[{"count":1,"href":"https:\/\/www.actualidadadiario.com\/index.php\/wp-json\/wp\/v2\/posts\/115628\/revisions"}],"predecessor-version":[{"id":115629,"href":"https:\/\/www.actualidadadiario.com\/index.php\/wp-json\/wp\/v2\/posts\/115628\/revisions\/115629"}],"wp:featuredmedia":[{"embeddable":true,"href":"https:\/\/www.actualidadadiario.com\/index.php\/wp-json\/wp\/v2\/media\/111643"}],"wp:attachment":[{"href":"https:\/\/www.actualidadadiario.com\/index.php\/wp-json\/wp\/v2\/media?parent=115628"}],"wp:term":[{"taxonomy":"category","embeddable":true,"href":"https:\/\/www.actualidadadiario.com\/index.php\/wp-json\/wp\/v2\/categories?post=115628"},{"taxonomy":"post_tag","embeddable":true,"href":"https:\/\/www.actualidadadiario.com\/index.php\/wp-json\/wp\/v2\/tags?post=115628"}],"curies":[{"name":"wp","href":"https:\/\/api.w.org\/{rel}","templated":true}]}}