{"id":115626,"date":"2024-06-05T11:18:05","date_gmt":"2024-06-05T14:18:05","guid":{"rendered":"https:\/\/www.actualidadadiario.com\/?p=115626"},"modified":"2024-06-05T11:18:05","modified_gmt":"2024-06-05T14:18:05","slug":"comienzan-a-subir-las-temperaturas-en-entre-rios","status":"publish","type":"post","link":"https:\/\/www.actualidadadiario.com\/index.php\/2024\/06\/05\/comienzan-a-subir-las-temperaturas-en-entre-rios\/","title":{"rendered":"Comienzan a subir las temperaturas en Entre R\u00edos"},"content":{"rendered":"<p style=\"text-align: center;\"><em><strong>A partir de este mi\u00e9rcoles y por varios d\u00edas, empieza a llegar una masa de aire h\u00fameda y c\u00e1lida. Habr\u00e1 temperaturas at\u00edpicas para oto\u00f1o en Entre R\u00edos<\/strong><\/em><\/p>\n<p>&nbsp;<\/p>\n<p>&nbsp;<\/p>\n<p>El Servicio Meteorol\u00f3gico Nacional -SMN- informa que desde este mi\u00e9rcoles 5 de junio comenzar\u00e1n a subir las temperaturas en Entre R\u00edos. Se esperan varios d\u00edas at\u00edpicos en la provincia, debido a la llegada de una masa de aire h\u00fameda y c\u00e1lida.<\/p>\n<p>Para este mi\u00e9rcoles se aguardan temperaturas m\u00ednimas de entre 9 y 11 grados y m\u00e1ximas de hasta 18 grados. Desde la tarde, el viento con direcci\u00f3n norte provocar\u00e1 que comience una suba de las t\u00e9rmicas. Para este jueves trepar\u00edan hasta los 24 y 26 grados.<\/p>\n<p>Para hoy se anuncia un cielo con elevada nubosidad, sin precipitaciones. Este jueves puede haber niebla y neblinas matinales. El resto de los d\u00edas continuar\u00edan con cielo mayormente nublado, sin anuncio de lluvias.<\/p>\n<p>&nbsp;<\/p>\n<p><strong>Qu\u00e9 d\u00edas ser\u00e1n los m\u00e1s calurosos <\/strong><\/p>\n<p>En Paran\u00e1, La Paz, Villaguay, Diamante y Nogoy\u00e1 pronostican para el s\u00e1bado una m\u00ednima de 19 grados y una m\u00e1xima de 28 grados.<\/p>\n<p>En Concordia, Federal, Federaci\u00f3n, Feliciano y San Salvador anuncian para el viernes una m\u00ednima de 18 grados y una m\u00e1xima de 27 grados.<\/p>\n<p>En Concepci\u00f3n del Uruguay, Gualeguaych\u00fa, Islas del Ibicuy, Tala y Col\u00f3n esperan el viernes una m\u00ednima de 18 grados y una m\u00e1xima de 26 grados.<\/p>\n<p>En Gualeguay y Victoria aguardan tambi\u00e9n el viernes una temperatura m\u00ednima de 17 grados y una m\u00e1xima de 26 grados.<\/p>\n","protected":false},"excerpt":{"rendered":"<p>A partir de este mi\u00e9rcoles y por varios d\u00edas, empieza a llegar una masa de aire h\u00fameda y c\u00e1lida. Habr\u00e1 temperaturas at\u00edpicas para oto\u00f1o en Entre R\u00edos &nbsp; &nbsp; El Servicio Meteorol\u00f3gico Nacional -SMN- informa que desde este mi\u00e9rcoles 5 de junio comenzar\u00e1n a subir las temperaturas en Entre R\u00edos. Se esperan varios d\u00edas at\u00edpicos en la provincia, debido a la llegada de una masa de aire h\u00fameda y c\u00e1lida. Para este mi\u00e9rcoles se aguardan temperaturas m\u00ednimas de entre 9 y 11 grados y m\u00e1ximas de hasta 18 grados. Desde&#8230;<\/p>\n","protected":false},"author":3,"featured_media":89008,"comment_status":"closed","ping_status":"closed","sticky":false,"template":"","format":"standard","meta":[],"categories":[15],"tags":[],"_links":{"self":[{"href":"https:\/\/www.actualidadadiario.com\/index.php\/wp-json\/wp\/v2\/posts\/115626"}],"collection":[{"href":"https:\/\/www.actualidadadiario.com\/index.php\/wp-json\/wp\/v2\/posts"}],"about":[{"href":"https:\/\/www.actualidadadiario.com\/index.php\/wp-json\/wp\/v2\/types\/post"}],"author":[{"embeddable":true,"href":"https:\/\/www.actualidadadiario.com\/index.php\/wp-json\/wp\/v2\/users\/3"}],"replies":[{"embeddable":true,"href":"https:\/\/www.actualidadadiario.com\/index.php\/wp-json\/wp\/v2\/comments?post=115626"}],"version-history":[{"count":1,"href":"https:\/\/www.actualidadadiario.com\/index.php\/wp-json\/wp\/v2\/posts\/115626\/revisions"}],"predecessor-version":[{"id":115627,"href":"https:\/\/www.actualidadadiario.com\/index.php\/wp-json\/wp\/v2\/posts\/115626\/revisions\/115627"}],"wp:featuredmedia":[{"embeddable":true,"href":"https:\/\/www.actualidadadiario.com\/index.php\/wp-json\/wp\/v2\/media\/89008"}],"wp:attachment":[{"href":"https:\/\/www.actualidadadiario.com\/index.php\/wp-json\/wp\/v2\/media?parent=115626"}],"wp:term":[{"taxonomy":"category","embeddable":true,"href":"https:\/\/www.actualidadadiario.com\/index.php\/wp-json\/wp\/v2\/categories?post=115626"},{"taxonomy":"post_tag","embeddable":true,"href":"https:\/\/www.actualidadadiario.com\/index.php\/wp-json\/wp\/v2\/tags?post=115626"}],"curies":[{"name":"wp","href":"https:\/\/api.w.org\/{rel}","templated":true}]}}