{"id":115620,"date":"2024-06-05T11:15:54","date_gmt":"2024-06-05T14:15:54","guid":{"rendered":"https:\/\/www.actualidadadiario.com\/?p=115620"},"modified":"2024-06-05T11:15:54","modified_gmt":"2024-06-05T14:15:54","slug":"el-gobierno-provincial-designo-al-ministro-troncoso-como-vice-presidente-de-enersa","status":"publish","type":"post","link":"https:\/\/www.actualidadadiario.com\/index.php\/2024\/06\/05\/el-gobierno-provincial-designo-al-ministro-troncoso-como-vice-presidente-de-enersa\/","title":{"rendered":"El Gobierno provincial design\u00f3 al Ministro Troncoso como vice presidente de Enersa"},"content":{"rendered":"<p style=\"text-align: center;\"><em><strong>El Directorio de la empresa energ\u00e9tica estatal Enersa acept\u00f3 el viernes de la semana pasada la renuncia presentada por el vicepresidente, Jaime Barba. En su reemplazo, se design\u00f3 al ministro de Gobierno Manuel Troncoso<\/strong><\/em><\/p>\n<p>&nbsp;<\/p>\n<p>&nbsp;<\/p>\n<p>Barba hab\u00eda asumido en diciembre del a\u00f1o pasado como vice de Enersa. Luego de un paso por Edeersa, donde ocup\u00f3 varios cargos hasta llegar a la gerencia general, sigui\u00f3 su carrera profesional en Buenos Aires. Integr\u00f3 e integra directorios de primera l\u00ednea de compa\u00f1\u00edas vinculadas al sector energ\u00e9tico.<\/p>\n<p>Su salida se hab\u00eda anunciado d\u00edas antes, pero se confirm\u00f3 el viernes, cuando el Directorio de la firma acept\u00f3 la dimisi\u00f3n. El Poder Ejecutivo, titular de las acciones de Enersa, design\u00f3 en su reemplazo a Troncoso. No est\u00e1 claro de si la nominaci\u00f3n es circunstancial o permanente. Por vigencia de las disposiciones establecidas desde el comienzo de la gesti\u00f3n de Rogelio Frigerio, cobrar\u00e1 s\u00f3lo el sueldo de funcionario y no recibir\u00e1 remuneraci\u00f3n como vice de la estatal el\u00e9ctrica.<\/p>\n<p>El directorio tambi\u00e9n dio curso a la renuncia de Carlos Pimentel, ex gerente general y actual titular de la gerencia de Innovaci\u00f3n. Pimentel est\u00e1 complicado en el caso por coimas que se habr\u00edan pagado a la firma Securitas.<\/p>\n<p>Seg\u00fan inform\u00f3 Informe Digital, la jueza federal Sandra Arroyo Salgado lo proces\u00f3 sin prisi\u00f3n preventiva por presunto autor de los delitos de violaci\u00f3n de los deberes de funcionario p\u00fablico y negociaciones incompatibles con la funci\u00f3n p\u00fablica.<\/p>\n","protected":false},"excerpt":{"rendered":"<p>El Directorio de la empresa energ\u00e9tica estatal Enersa acept\u00f3 el viernes de la semana pasada la renuncia presentada por el vicepresidente, Jaime Barba. En su reemplazo, se design\u00f3 al ministro de Gobierno Manuel Troncoso &nbsp; &nbsp; Barba hab\u00eda asumido en diciembre del a\u00f1o pasado como vice de Enersa. Luego de un paso por Edeersa, donde ocup\u00f3 varios cargos hasta llegar a la gerencia general, sigui\u00f3 su carrera profesional en Buenos Aires. Integr\u00f3 e integra directorios de primera l\u00ednea de compa\u00f1\u00edas vinculadas al sector energ\u00e9tico. Su salida se hab\u00eda anunciado d\u00edas&#8230;<\/p>\n","protected":false},"author":3,"featured_media":115621,"comment_status":"closed","ping_status":"closed","sticky":false,"template":"","format":"standard","meta":[],"categories":[15],"tags":[],"_links":{"self":[{"href":"https:\/\/www.actualidadadiario.com\/index.php\/wp-json\/wp\/v2\/posts\/115620"}],"collection":[{"href":"https:\/\/www.actualidadadiario.com\/index.php\/wp-json\/wp\/v2\/posts"}],"about":[{"href":"https:\/\/www.actualidadadiario.com\/index.php\/wp-json\/wp\/v2\/types\/post"}],"author":[{"embeddable":true,"href":"https:\/\/www.actualidadadiario.com\/index.php\/wp-json\/wp\/v2\/users\/3"}],"replies":[{"embeddable":true,"href":"https:\/\/www.actualidadadiario.com\/index.php\/wp-json\/wp\/v2\/comments?post=115620"}],"version-history":[{"count":1,"href":"https:\/\/www.actualidadadiario.com\/index.php\/wp-json\/wp\/v2\/posts\/115620\/revisions"}],"predecessor-version":[{"id":115622,"href":"https:\/\/www.actualidadadiario.com\/index.php\/wp-json\/wp\/v2\/posts\/115620\/revisions\/115622"}],"wp:featuredmedia":[{"embeddable":true,"href":"https:\/\/www.actualidadadiario.com\/index.php\/wp-json\/wp\/v2\/media\/115621"}],"wp:attachment":[{"href":"https:\/\/www.actualidadadiario.com\/index.php\/wp-json\/wp\/v2\/media?parent=115620"}],"wp:term":[{"taxonomy":"category","embeddable":true,"href":"https:\/\/www.actualidadadiario.com\/index.php\/wp-json\/wp\/v2\/categories?post=115620"},{"taxonomy":"post_tag","embeddable":true,"href":"https:\/\/www.actualidadadiario.com\/index.php\/wp-json\/wp\/v2\/tags?post=115620"}],"curies":[{"name":"wp","href":"https:\/\/api.w.org\/{rel}","templated":true}]}}