{"id":115613,"date":"2024-06-05T11:09:54","date_gmt":"2024-06-05T14:09:54","guid":{"rendered":"https:\/\/www.actualidadadiario.com\/?p=115613"},"modified":"2024-06-05T11:10:03","modified_gmt":"2024-06-05T14:10:03","slug":"diputados-la-comision-de-desarrollo-social-trato-la-emergencia-alimentaria","status":"publish","type":"post","link":"https:\/\/www.actualidadadiario.com\/index.php\/2024\/06\/05\/diputados-la-comision-de-desarrollo-social-trato-la-emergencia-alimentaria\/","title":{"rendered":"Diputados: La comisi\u00f3n de Desarrollo Social trat\u00f3 la emergencia alimentaria"},"content":{"rendered":"<p style=\"text-align: center;\"><em><strong>En el marco de la reuni\u00f3n de la comisi\u00f3n de Desarrollo Social, la ministra de Desarrollo Humano de Entre R\u00edos, Ver\u00f3nica Berisso junto a otras autoridades del Ministerio a su cargo fueron invitados para brindar informaci\u00f3n sobre los lineamientos del Plan Alimentario Provincial<\/strong><\/em><\/p>\n<p>&nbsp;<\/p>\n<p>&nbsp;<\/p>\n<p>Al respecto, la ministra resalt\u00f3: \u201cCelebramos este tipo de iniciativas, m\u00e1s en un momento tan dif\u00edcil, declarando nuestra propia emergencia para hacer compras relacionadas a lo alimentario. La tarea del Ministerio es velar por el bienestar de los entrerrianos, priorizando la ni\u00f1ez y la tercera edad\u201d.<\/p>\n<p>Asimismo, Berisso expres\u00f3 que se ha notado un aumento en la demanda de alimentos, \u201cvenimos consultando con los intendentes y con referentes de organizaciones sociales y nos comentan que actualmente hay gente asalariada que est\u00e1 teniendo problemas para llegar a tener su canasta b\u00e1sica y ah\u00ed tenemos que estar presentes como Estado\u201d.<\/p>\n<p>En relaci\u00f3n a la importancia de la declaraci\u00f3n de la emergencia, Berisso dijo que \u201cnormalmente un proceso lleva seis meses y lo que ten\u00edamos presupuestado no est\u00e1 acorde a lo que se necesita y, teniendo en cuenta los plazos, los proveedores no pueden mantener sus precios. Es por ello que, la emergencia alimentaria es una herramienta legislativa para agilizar los procesos. Esperamos que solo la tengamos que usar por este a\u00f1o y agradecemos el acompa\u00f1amiento de todos los legisladores entrerriano\u201d.<\/p>\n<p>Acompa\u00f1aron a la Ministra Ricardo Vales, secretario de Articulaci\u00f3n de Pol\u00edtica Social; Lautaro Azzalini, director de Comedores; Pablo Alasino, director de Pol\u00edticas Alimentarias; y Pablo Omarini, secretario de Gesti\u00f3n Social.<\/p>\n<p>&nbsp;<\/p>\n<p><strong>Sin qu\u00f3rum<\/strong><\/p>\n<p>Por otro lado, no reunieron qu\u00f3rum suficiente para sesionar las comisiones de Comunicaciones y Transporte y de Educaci\u00f3n, Ciencia y Tecnolog\u00eda. La primera de ellas hab\u00eda sido convocada para tratar un proyecto de ley de R\u00e9gimen de Consorcios de Caminos Rurales (autora: Julia Calleros Arrecous); mientras que la segunda deb\u00eda abordar una iniciativa para instar a la colocaci\u00f3n de carteles en todos los edificios escolares p\u00fablicos con la leyenda \u201cLas Malvinas son argentinas\u201d (autor: diputado mandato cumplido Uriel Brupbacher).<\/p>\n","protected":false},"excerpt":{"rendered":"<p>En el marco de la reuni\u00f3n de la comisi\u00f3n de Desarrollo Social, la ministra de Desarrollo Humano de Entre R\u00edos, Ver\u00f3nica Berisso junto a otras autoridades del Ministerio a su cargo fueron invitados para brindar informaci\u00f3n sobre los lineamientos del Plan Alimentario Provincial &nbsp; &nbsp; Al respecto, la ministra resalt\u00f3: \u201cCelebramos este tipo de iniciativas, m\u00e1s en un momento tan dif\u00edcil, declarando nuestra propia emergencia para hacer compras relacionadas a lo alimentario. La tarea del Ministerio es velar por el bienestar de los entrerrianos, priorizando la ni\u00f1ez y la tercera&#8230;<\/p>\n","protected":false},"author":3,"featured_media":115614,"comment_status":"closed","ping_status":"closed","sticky":false,"template":"","format":"standard","meta":[],"categories":[15],"tags":[],"_links":{"self":[{"href":"https:\/\/www.actualidadadiario.com\/index.php\/wp-json\/wp\/v2\/posts\/115613"}],"collection":[{"href":"https:\/\/www.actualidadadiario.com\/index.php\/wp-json\/wp\/v2\/posts"}],"about":[{"href":"https:\/\/www.actualidadadiario.com\/index.php\/wp-json\/wp\/v2\/types\/post"}],"author":[{"embeddable":true,"href":"https:\/\/www.actualidadadiario.com\/index.php\/wp-json\/wp\/v2\/users\/3"}],"replies":[{"embeddable":true,"href":"https:\/\/www.actualidadadiario.com\/index.php\/wp-json\/wp\/v2\/comments?post=115613"}],"version-history":[{"count":2,"href":"https:\/\/www.actualidadadiario.com\/index.php\/wp-json\/wp\/v2\/posts\/115613\/revisions"}],"predecessor-version":[{"id":115616,"href":"https:\/\/www.actualidadadiario.com\/index.php\/wp-json\/wp\/v2\/posts\/115613\/revisions\/115616"}],"wp:featuredmedia":[{"embeddable":true,"href":"https:\/\/www.actualidadadiario.com\/index.php\/wp-json\/wp\/v2\/media\/115614"}],"wp:attachment":[{"href":"https:\/\/www.actualidadadiario.com\/index.php\/wp-json\/wp\/v2\/media?parent=115613"}],"wp:term":[{"taxonomy":"category","embeddable":true,"href":"https:\/\/www.actualidadadiario.com\/index.php\/wp-json\/wp\/v2\/categories?post=115613"},{"taxonomy":"post_tag","embeddable":true,"href":"https:\/\/www.actualidadadiario.com\/index.php\/wp-json\/wp\/v2\/tags?post=115613"}],"curies":[{"name":"wp","href":"https:\/\/api.w.org\/{rel}","templated":true}]}}