{"id":115591,"date":"2024-06-04T14:57:57","date_gmt":"2024-06-04T17:57:57","guid":{"rendered":"https:\/\/www.actualidadadiario.com\/?p=115591"},"modified":"2024-06-04T14:57:57","modified_gmt":"2024-06-04T17:57:57","slug":"milei-fuera-del-video-de-agradecimientos-de-claudia-sheinbaum","status":"publish","type":"post","link":"https:\/\/www.actualidadadiario.com\/index.php\/2024\/06\/04\/milei-fuera-del-video-de-agradecimientos-de-claudia-sheinbaum\/","title":{"rendered":"Milei, fuera del video de agradecimientos de Claudia Sheinbaum"},"content":{"rendered":"<p style=\"text-align: center;\"><em><strong>Ni el presidente argentino ni la canciller enviaron saludos ni expresaron felicitaciones de manera personal a la flamante presidenta mexicana. El fr\u00edo y retrasado comunicado de reconocimiento de Canciller\u00eda marca el primer cruce de la Administraci\u00f3n ultraderechista en la relaci\u00f3n diplom\u00e1tica<\/strong><\/em><\/p>\n<p>&nbsp;<\/p>\n<p>&nbsp;<\/p>\n<p>Un d\u00eda despu\u00e9s de su triunfo electoral, la primera presidenta electa de la historia de M\u00e9xico, Claudia Sheinbaum, public\u00f3 un video en sus redes sociales en el que devuelve uno por uno con agradecimiento los saludos y mensajes de felicitaciones que recibi\u00f3 telef\u00f3nicamente de distintos mandatarios internacionales y organismos empresariales. A Javier Milei no lo menciona; tampoco a la canciller argentina Diana Mondino. El Gobierno difundi\u00f3 un comunicado de salutaci\u00f3n por el triunfo de Sheinbaum pero no consign\u00f3 que el Presidente ni su ministra de Relaciones Exteriores la hayan llamado para felicitarla por su victoria.<\/p>\n<p>&#8220;Quiero agradecer las muestras de cari\u00f1o y felicitaci\u00f3n que he recibido desde el d\u00eda de ayer y en el d\u00eda de hoy. Quiero tambi\u00e9n platicarles que tuve la oportunidad de hablar telef\u00f3nicamente el d\u00eda de hoy con distintos mandatarios que han expresado su felicitaci\u00f3n&#8221;, expresa la sucesora de Andr\u00e9s Manuel L\u00f3pez Obrador en un c\u00e1lido video de poco m\u00e1s de dos minutos.<\/p>\n<p>La exalcaldesa de la Ciudad de M\u00e9xico menciona haber conversado telef\u00f3nicamente con el presidente de Estados Unidos, Joe Biden; con el presidente de Francia, Emmanuel Macron; con el primer ministro de Canad\u00e1, Justin Tredeau; con el presidente de Espa\u00f1a, Pedro S\u00e1nchez; as\u00ed como presidentes de Am\u00e9rica Latina: Gustavo Petro, presidente de Colombia; Lula da Silva, presidente de Brasil; Nayib Bukele, presidente de El Salvador; Bernardo Ar\u00e9valo, de Guatemala; Rodrigo S\u00e1nchez, de Costa Rica; Miguel D\u00edaz-Canel, presidente de Cuba; Xiomara Castro, presidenta de Honduras; Luis Arce, de Bolivia; con el primer ministro de Belice, John Brice\u00f1o; y as\u00ed incluso con el secretario general de la OEA, Luis Almagro&#8221;.<\/p>\n<p>Sobre Milei, no hace ning\u00fan tipo de menci\u00f3n, dejando a la vista el tenso contraste con los presidentes de la regi\u00f3n y del mundo. No obstante, la referente de la la coalici\u00f3n Sigamos Haciendo Historia agradeci\u00f3 en su video a quienes la felicitaron &#8220;a trav\u00e9s de las redes sociales&#8221;, como pudo ser el caso de Argentina, que desde Canciller\u00eda, emiti\u00f3 el lunes un fr\u00edo y retrasado comunicado oficial de felicitaciones.<\/p>\n<p>En tan s\u00f3lo dos p\u00e1rrafos, la Canciller\u00eda felicit\u00f3 a la ciudadan\u00eda mexicana por la celebraci\u00f3n de unas elecciones democr\u00e1ticas hist\u00f3ricas. &#8220;El Gobierno de la Rep\u00fablica Argentina saluda al Pueblo y al Gobierno de M\u00e9xico por la jornada electoral llevada a cabo este domingo 2 de junio, al tiempo que extiende sus felicitaciones a la Presidente electa Claudia Sheinbaum. Al cumplirse 135 a\u00f1os del establecimiento de relaciones diplom\u00e1ticas entre ambos pa\u00edses, el Gobierno argentino renueva su disposici\u00f3n para continuar desarrollando la agenda de trabajo bilateral&#8221;, apunt\u00f3 el Gobierno argentino.<\/p>\n<p>A diferencia de los representantes de La Libertad Avanza, los conductores de la gesti\u00f3n gubernamental pasada, el ex presidente Alberto Fern\u00e1ndez y la ex vicepresidenta Cristina Fern\u00e1ndez de Kirchner, s\u00ed saludaron y felicitaron a Sheinbaum p\u00fablicamente.<\/p>\n<p>El actual presidente del Partido Justicialista estuvo presente el domingo pasado en el bunker del Movimiento de Regeneraci\u00f3n Nacional (Morena), y tras conocerse los n\u00fameros de la arrasante victoria de Sheinbaum, public\u00f3 un video donde se lo ve abrazar a la presidenta electa.<\/p>\n<p>&#8220;He tenido el privilegio de poder abrazar a quien ser\u00e1 la nueva presidenta de este querido pa\u00eds, nuestra querida Claudia Sheinbaum. Tuve el honor de estar junto a ella y su equipo recibiendo los primeros resultados. Una mujer progresista continuar\u00e1 en M\u00e9xico la enorme tarea que inici\u00f3 mi querido L\u00f3pez Obrador. Latinoam\u00e9rica celebra. Felicitaciones, querida Claudia&#8221;, escribi\u00f3 Fern\u00e1ndez.<\/p>\n","protected":false},"excerpt":{"rendered":"<p>Ni el presidente argentino ni la canciller enviaron saludos ni expresaron felicitaciones de manera personal a la flamante presidenta mexicana. El fr\u00edo y retrasado comunicado de reconocimiento de Canciller\u00eda marca el primer cruce de la Administraci\u00f3n ultraderechista en la relaci\u00f3n diplom\u00e1tica &nbsp; &nbsp; Un d\u00eda despu\u00e9s de su triunfo electoral, la primera presidenta electa de la historia de M\u00e9xico, Claudia Sheinbaum, public\u00f3 un video en sus redes sociales en el que devuelve uno por uno con agradecimiento los saludos y mensajes de felicitaciones que recibi\u00f3 telef\u00f3nicamente de distintos mandatarios internacionales&#8230;<\/p>\n","protected":false},"author":3,"featured_media":115592,"comment_status":"closed","ping_status":"closed","sticky":false,"template":"","format":"standard","meta":[],"categories":[9],"tags":[],"_links":{"self":[{"href":"https:\/\/www.actualidadadiario.com\/index.php\/wp-json\/wp\/v2\/posts\/115591"}],"collection":[{"href":"https:\/\/www.actualidadadiario.com\/index.php\/wp-json\/wp\/v2\/posts"}],"about":[{"href":"https:\/\/www.actualidadadiario.com\/index.php\/wp-json\/wp\/v2\/types\/post"}],"author":[{"embeddable":true,"href":"https:\/\/www.actualidadadiario.com\/index.php\/wp-json\/wp\/v2\/users\/3"}],"replies":[{"embeddable":true,"href":"https:\/\/www.actualidadadiario.com\/index.php\/wp-json\/wp\/v2\/comments?post=115591"}],"version-history":[{"count":1,"href":"https:\/\/www.actualidadadiario.com\/index.php\/wp-json\/wp\/v2\/posts\/115591\/revisions"}],"predecessor-version":[{"id":115593,"href":"https:\/\/www.actualidadadiario.com\/index.php\/wp-json\/wp\/v2\/posts\/115591\/revisions\/115593"}],"wp:featuredmedia":[{"embeddable":true,"href":"https:\/\/www.actualidadadiario.com\/index.php\/wp-json\/wp\/v2\/media\/115592"}],"wp:attachment":[{"href":"https:\/\/www.actualidadadiario.com\/index.php\/wp-json\/wp\/v2\/media?parent=115591"}],"wp:term":[{"taxonomy":"category","embeddable":true,"href":"https:\/\/www.actualidadadiario.com\/index.php\/wp-json\/wp\/v2\/categories?post=115591"},{"taxonomy":"post_tag","embeddable":true,"href":"https:\/\/www.actualidadadiario.com\/index.php\/wp-json\/wp\/v2\/tags?post=115591"}],"curies":[{"name":"wp","href":"https:\/\/api.w.org\/{rel}","templated":true}]}}