{"id":115588,"date":"2024-06-04T13:10:06","date_gmt":"2024-06-04T16:10:06","guid":{"rendered":"https:\/\/www.actualidadadiario.com\/?p=115588"},"modified":"2024-06-04T13:10:06","modified_gmt":"2024-06-04T16:10:06","slug":"la-contundente-frase-de-javier-milei-sobre-nicolas-posse-ya-es-historia","status":"publish","type":"post","link":"https:\/\/www.actualidadadiario.com\/index.php\/2024\/06\/04\/la-contundente-frase-de-javier-milei-sobre-nicolas-posse-ya-es-historia\/","title":{"rendered":"La contundente frase de Javier Milei sobre Nicol\u00e1s Posse: &#8220;Ya es historia&#8221;"},"content":{"rendered":"<p style=\"text-align: center;\"><em><strong>El Presidente mantuvo un di\u00e1logo con los periodistas acreditados en la sala de conferencias. Volvi\u00f3 a ratificar a Sandra Pettovello al frente de Capital Humano<\/strong><\/em><\/p>\n<p>&nbsp;<\/p>\n<p>&nbsp;<\/p>\n<p>El presidente Javier Milei sentenci\u00f3 que el exjefe de Gabinete &#8220;(Nicol\u00e1s) Posse &#8220;ya es historia&#8221; en un breve di\u00e1logo que mantuvo con periodistas acreditados en la sala de conferencias de Casa Rosada.<\/p>\n<p>Adem\u00e1s, nuevamente respald\u00f3 a la ministra de Capital Humano, Sandra Petovello, en el marco de la pol\u00e9mica por los alimentos almacenados. &#8220;Es la mejor ministra de la historia&#8221;, dijo el mandatario y reiter\u00f3 que &#8220;la corrupci\u00f3n la tienen los kirchneristas&#8221;.<\/p>\n<p>Al ser consultado sobre las irregularidades que hubo en el acopio y entrega de alimentos, el primer mandatario manifest\u00f3: &#8220;Lo que no est\u00e9 en orden&#8230; Vamos a ser implacables con la corrupci\u00f3n en todas las l\u00edneas&#8221;. Y remarc\u00f3: &#8220;Ning\u00fan alimento lleg\u00f3 tarde&#8221;.<\/p>\n<p>El jefe de Estado aprovech\u00f3 para elogiar a otros de los miembros de su gabinete, el titular de Econom\u00eda Nicol\u00e1s Caputo. &#8220;Est\u00e1 m\u00e1s firme que este edificio&#8221;, remarc\u00f3.<\/p>\n<p>Respecto a la demora en el nombramiento del asesor Federico Sturzenegger, Milei respondi\u00f3 que se est\u00e1 &#8220;definiendo&#8221; cu\u00e1l ser\u00e1 su cargo. &#8220;Porque es como estamos definiendo la pr\u00f3xima reforma del Estado&#8221;, argument\u00f3.<\/p>\n<p>Luego del saludo de Javier Milei, el portavoz presidencial Manuel Adorni se refiri\u00f3 a las sospechas de espionaje que pesan sobre Nicol\u00e1s Posse. &#8220;Nosotros tenemos la obligaci\u00f3n de denunciar un acto de corrupci\u00f3n y cualquier episodio que se aleje de la ley. Si efectivamente tuvi\u00e9ramos una sospecha, lo vamos a denunciar&#8221;, sostuvo.<\/p>\n<p>Adem\u00e1s, Adorni explic\u00f3 qu\u00e9 quiso decir Javier Milei al remarcar que el exjefe de Gabinete &#8220;ya es historia&#8221;: &#8220;Cuando me vaya yo, al otro d\u00eda, tambi\u00e9n voy a ser historia. Es un funcionario que hoy no pertenece al Poder Ejecutivo, por lo tanto es historia&#8221;.<\/p>\n","protected":false},"excerpt":{"rendered":"<p>El Presidente mantuvo un di\u00e1logo con los periodistas acreditados en la sala de conferencias. Volvi\u00f3 a ratificar a Sandra Pettovello al frente de Capital Humano &nbsp; &nbsp; El presidente Javier Milei sentenci\u00f3 que el exjefe de Gabinete &#8220;(Nicol\u00e1s) Posse &#8220;ya es historia&#8221; en un breve di\u00e1logo que mantuvo con periodistas acreditados en la sala de conferencias de Casa Rosada. Adem\u00e1s, nuevamente respald\u00f3 a la ministra de Capital Humano, Sandra Petovello, en el marco de la pol\u00e9mica por los alimentos almacenados. &#8220;Es la mejor ministra de la historia&#8221;, dijo el mandatario&#8230;<\/p>\n","protected":false},"author":3,"featured_media":115589,"comment_status":"closed","ping_status":"closed","sticky":false,"template":"","format":"standard","meta":[],"categories":[18],"tags":[],"_links":{"self":[{"href":"https:\/\/www.actualidadadiario.com\/index.php\/wp-json\/wp\/v2\/posts\/115588"}],"collection":[{"href":"https:\/\/www.actualidadadiario.com\/index.php\/wp-json\/wp\/v2\/posts"}],"about":[{"href":"https:\/\/www.actualidadadiario.com\/index.php\/wp-json\/wp\/v2\/types\/post"}],"author":[{"embeddable":true,"href":"https:\/\/www.actualidadadiario.com\/index.php\/wp-json\/wp\/v2\/users\/3"}],"replies":[{"embeddable":true,"href":"https:\/\/www.actualidadadiario.com\/index.php\/wp-json\/wp\/v2\/comments?post=115588"}],"version-history":[{"count":1,"href":"https:\/\/www.actualidadadiario.com\/index.php\/wp-json\/wp\/v2\/posts\/115588\/revisions"}],"predecessor-version":[{"id":115590,"href":"https:\/\/www.actualidadadiario.com\/index.php\/wp-json\/wp\/v2\/posts\/115588\/revisions\/115590"}],"wp:featuredmedia":[{"embeddable":true,"href":"https:\/\/www.actualidadadiario.com\/index.php\/wp-json\/wp\/v2\/media\/115589"}],"wp:attachment":[{"href":"https:\/\/www.actualidadadiario.com\/index.php\/wp-json\/wp\/v2\/media?parent=115588"}],"wp:term":[{"taxonomy":"category","embeddable":true,"href":"https:\/\/www.actualidadadiario.com\/index.php\/wp-json\/wp\/v2\/categories?post=115588"},{"taxonomy":"post_tag","embeddable":true,"href":"https:\/\/www.actualidadadiario.com\/index.php\/wp-json\/wp\/v2\/tags?post=115588"}],"curies":[{"name":"wp","href":"https:\/\/api.w.org\/{rel}","templated":true}]}}