{"id":115583,"date":"2024-06-04T13:06:02","date_gmt":"2024-06-04T16:06:02","guid":{"rendered":"https:\/\/www.actualidadadiario.com\/?p=115583"},"modified":"2024-06-04T13:06:02","modified_gmt":"2024-06-04T16:06:02","slug":"con-ayuda-del-ejercito-capital-humano-empezo-a-repartir-los-alimentos-acopiados","status":"publish","type":"post","link":"https:\/\/www.actualidadadiario.com\/index.php\/2024\/06\/04\/con-ayuda-del-ejercito-capital-humano-empezo-a-repartir-los-alimentos-acopiados\/","title":{"rendered":"Con ayuda del Ej\u00e9rcito, Capital Humano empez\u00f3 a repartir los alimentos acopiados"},"content":{"rendered":"<p style=\"text-align: center;\"><em><strong>Los camiones de la Fuerza Armadas iniciaron poco antes del mediod\u00eda las tareas de log\u00edstica, con custodia de m\u00f3viles de la Gendarmer\u00eda<\/strong><\/em><\/p>\n<p>&nbsp;<\/p>\n<p>&nbsp;<\/p>\n<p>Con ayuda de veh\u00edculos del Ej\u00e9rcito, el Ministerio de Capital Humano inici\u00f3 hoy el operativo de distribuci\u00f3n de los alimentos acopiados en los dep\u00f3sitos ubicados en la localidad bonaerense de Villa Martelli y en el distrito tucumano de Taf\u00ed Viejo.<\/p>\n<p>Las tareas log\u00edsticas comenzaron poco antes de las 11 y la entrega de la mercader\u00eda tendr\u00e1 una duraci\u00f3n de dos semanas, teniendo en cuenta las fechas de vencimiento de los productos.<\/p>\n<p>La cartera conducida por Sandra Pettovello firm\u00f3 un convenio con la Fundaci\u00f3n CONIN para que, a trav\u00e9s de 64 centros de distribuci\u00f3n, sus comedores y merenderos, facilite la provisi\u00f3n de m\u00e1s de 465 mil kilos de leche en polvo a los sectores sociales vulnerables.<\/p>\n<p>Seg\u00fan indic\u00f3 un comunicado oficial, &#8220;para garantizar una log\u00edstica r\u00e1pida y sin intermediarios&#8221;, el operativo contar\u00e1 con la colaboraci\u00f3n del Ej\u00e9rcito Argentino y el Ministerio de Defensa: a primera hora de este martes hab\u00edan ingresado veh\u00edculos de la Fuerza Armada para realizar el traslado y minutos antes de las 11 iniciaron las tareas de traslado, con una escolta de Gendarmer\u00eda.<\/p>\n<p>CONIN se encargar\u00e1 de certificar, mediante la presentaci\u00f3n de informes, los avances peri\u00f3dicos y, en un informe final, el efectivo empleo de los alimentos por parte de los comedores.<\/p>\n<p>El anuncio del \u00e1rea a cargo de Sandra Pettovello se produjo horas despu\u00e9s de que el Gobierno la ratificara al frente del Ministerio de Capital Humano, tras los rumores sobre su renuncia por el esc\u00e1ndalo de los alimentos almacenados y las contrataciones irregulares en \u00e1reas de la cartera.<\/p>\n<p>El conflicto gener\u00f3 un fuerte cimbronazo en el Poder Ejecutivo.<\/p>\n<p>Tanto es as\u00ed que Pablo de la Torre fue removido de la conducci\u00f3n de la Secretar\u00eda de Ni\u00f1ez, Adolescencia y Familia.<\/p>\n<p>Este lunes a la ma\u00f1ana, en su habitual conferencia de prensa, Manuel Adorni, vocero presidencial, hab\u00eda revelado una charla que mantuvo con Pettovello por el reemplazo del ex funcionario: &#8220;Habl\u00e9 con ella me cont\u00f3 que va a ser una mujer de su extrem\u00edsima confianza&#8221;.<\/p>\n","protected":false},"excerpt":{"rendered":"<p>Los camiones de la Fuerza Armadas iniciaron poco antes del mediod\u00eda las tareas de log\u00edstica, con custodia de m\u00f3viles de la Gendarmer\u00eda &nbsp; &nbsp; Con ayuda de veh\u00edculos del Ej\u00e9rcito, el Ministerio de Capital Humano inici\u00f3 hoy el operativo de distribuci\u00f3n de los alimentos acopiados en los dep\u00f3sitos ubicados en la localidad bonaerense de Villa Martelli y en el distrito tucumano de Taf\u00ed Viejo. Las tareas log\u00edsticas comenzaron poco antes de las 11 y la entrega de la mercader\u00eda tendr\u00e1 una duraci\u00f3n de dos semanas, teniendo en cuenta las fechas&#8230;<\/p>\n","protected":false},"author":3,"featured_media":115584,"comment_status":"closed","ping_status":"closed","sticky":false,"template":"","format":"standard","meta":[],"categories":[18],"tags":[],"_links":{"self":[{"href":"https:\/\/www.actualidadadiario.com\/index.php\/wp-json\/wp\/v2\/posts\/115583"}],"collection":[{"href":"https:\/\/www.actualidadadiario.com\/index.php\/wp-json\/wp\/v2\/posts"}],"about":[{"href":"https:\/\/www.actualidadadiario.com\/index.php\/wp-json\/wp\/v2\/types\/post"}],"author":[{"embeddable":true,"href":"https:\/\/www.actualidadadiario.com\/index.php\/wp-json\/wp\/v2\/users\/3"}],"replies":[{"embeddable":true,"href":"https:\/\/www.actualidadadiario.com\/index.php\/wp-json\/wp\/v2\/comments?post=115583"}],"version-history":[{"count":1,"href":"https:\/\/www.actualidadadiario.com\/index.php\/wp-json\/wp\/v2\/posts\/115583\/revisions"}],"predecessor-version":[{"id":115585,"href":"https:\/\/www.actualidadadiario.com\/index.php\/wp-json\/wp\/v2\/posts\/115583\/revisions\/115585"}],"wp:featuredmedia":[{"embeddable":true,"href":"https:\/\/www.actualidadadiario.com\/index.php\/wp-json\/wp\/v2\/media\/115584"}],"wp:attachment":[{"href":"https:\/\/www.actualidadadiario.com\/index.php\/wp-json\/wp\/v2\/media?parent=115583"}],"wp:term":[{"taxonomy":"category","embeddable":true,"href":"https:\/\/www.actualidadadiario.com\/index.php\/wp-json\/wp\/v2\/categories?post=115583"},{"taxonomy":"post_tag","embeddable":true,"href":"https:\/\/www.actualidadadiario.com\/index.php\/wp-json\/wp\/v2\/tags?post=115583"}],"curies":[{"name":"wp","href":"https:\/\/api.w.org\/{rel}","templated":true}]}}